{"id":29265,"date":"2022-04-08T08:42:57","date_gmt":"2022-04-08T08:42:57","guid":{"rendered":"https:\/\/lisbonsightsailing.com\/?p=29265"},"modified":"2026-09-02T11:04:20","modified_gmt":"2026-09-02T11:04:20","slug":"100th-anniversary-of-the-first-air-crossing-of-the-south-atlantic","status":"publish","type":"post","link":"https:\/\/lisbonsightsailing.com\/en\/100th-anniversary-of-the-first-air-crossing-of-the-south-atlantic\/","title":{"rendered":"100th Anniversary of the First Air Crossing of the South Atlantic"},"content":{"rendered":"\n<h2 class=\"wp-block-heading\" id=\"h-mais-um-espetaculo-no-tejo\">Another show on the Tagus!<\/h2>\n\n<p class=\"wp-block-paragraph\"><\/p>\n\n<p class=\"wp-block-paragraph\">On April 3rd, celebrations took place for the first air crossing of the South Atlantic, carried out by Sacadura Cabral and Gago Coutinho.<\/p>\n<div class=\"wp-block-image\">\n<figure class=\"alignleft size-full\"><img loading=\"lazy\" decoding=\"async\" width=\"310\" height=\"207\" src=\"https:\/\/lisbonsightsailing.com\/wp-content\/uploads\/2022\/06\/100-Aniversario-da-primeira-travessia-aerea-do-Atlantico-Sul-4.jpg\" alt=\"Bel&#xE9;m Tower in the background being flown over by helicopters\" class=\"wp-image-32315\" srcset=\"https:\/\/lisbonsightsailing.com\/wp-content\/uploads\/2022\/06\/100-Aniversario-da-primeira-travessia-aerea-do-Atlantico-Sul-4.jpg 310w, https:\/\/lisbonsightsailing.com\/wp-content\/uploads\/2022\/06\/100-Aniversario-da-primeira-travessia-aerea-do-Atlantico-Sul-4-300x200.jpg 300w\" sizes=\"auto, (max-width: 310px) 100vw, 310px\" \/><figcaption class=\"wp-element-caption\">Photo: Marinha Portuguesa<\/figcaption><\/figure>\n<\/div>\n<p class=\"wp-block-paragraph\">It was a military ceremony and naval air parade, organized by the Portuguese Navy and the Air Force. It was presided over by the President of the Republic, Marcelo Rebelo de Sousa. <\/p>\n\n<p class=\"wp-block-paragraph\">People packed the banks of the Tagus River to attend this remarkable event, treated to an overflight of Portuguese Air Force planes and helicopters.<\/p>\n\n<p class=\"wp-block-paragraph\"><\/p>\n\n<p class=\"wp-block-paragraph\">In the water, a fleet of over 100 vessels \u2013 private, business and public \u2013 joined this moment, providing an unparalleled spectacle.<\/p>\n\n<div style=\"height:40px\" aria-hidden=\"true\" class=\"wp-block-spacer\"><\/div>\n\n<h2 class=\"wp-block-heading\" id=\"h-a-incrivel-historia-da-primeira-travessia-aerea\">The incredible story of the first air crossing<\/h2>\n\n<p class=\"wp-block-paragraph\"><\/p>\n\n<p class=\"wp-block-paragraph\">On March 30th, 1922, the first air crossing of the South Atlantic began, in the context of the commemorations of the First Centenary of the Independence of Brazil. It was carried out in a single-engine seaplane, equipped with a Rolls-Royce engine and specially designed for the trip \u2013 baptized as Lusit\u00e2nia. <\/p>\n<div class=\"wp-block-image\">\n<figure class=\"alignleft size-large is-resized\"><img loading=\"lazy\" decoding=\"async\" width=\"1024\" height=\"768\" src=\"https:\/\/lisbonsightsailing.com\/wp-content\/uploads\/2022\/06\/100-Aniversario-da-primeira-travessia-aerea-do-Atlantico-Sul-1-1024x768.jpeg\" alt=\"Seaplane in the Tagus\" class=\"wp-image-32306\" style=\"width:421px;height:316px\" srcset=\"https:\/\/lisbonsightsailing.com\/wp-content\/uploads\/2022\/06\/100-Aniversario-da-primeira-travessia-aerea-do-Atlantico-Sul-1-1024x768.jpeg 1024w, https:\/\/lisbonsightsailing.com\/wp-content\/uploads\/2022\/06\/100-Aniversario-da-primeira-travessia-aerea-do-Atlantico-Sul-1-300x225.jpeg 300w, https:\/\/lisbonsightsailing.com\/wp-content\/uploads\/2022\/06\/100-Aniversario-da-primeira-travessia-aerea-do-Atlantico-Sul-1-768x576.jpeg 768w, https:\/\/lisbonsightsailing.com\/wp-content\/uploads\/2022\/06\/100-Aniversario-da-primeira-travessia-aerea-do-Atlantico-Sul-1-1536x1152.jpeg 1536w, https:\/\/lisbonsightsailing.com\/wp-content\/uploads\/2022\/06\/100-Aniversario-da-primeira-travessia-aerea-do-Atlantico-Sul-1.jpeg 1920w\" sizes=\"auto, (max-width: 1024px) 100vw, 1024px\" \/><figcaption class=\"wp-element-caption\">Seaplane in the Tagus during the ceremony<\/figcaption><\/figure>\n<\/div>\n<p class=\"wp-block-paragraph\">On the same day, they completed the first leg of the journey in Las Palmas, in the Canary Islands, although they noticed excessive fuel consumption.<\/p>\n\n<p class=\"wp-block-paragraph\">On April 5th they departed for the Island of S\u00e3o Vicente, in the Cape Verde Archipelago, covering 850 miles. They remained there until April 17th for repairs to the seaplane \u2013 which was taking on water in the floats. Next, they departed from the port of Praia, on the Island of Santiago, heading to the Archipelago of S\u00e3o Pedro and S\u00e3o Paulo, in Brazilian waters, where they landed on the 18th without the aid of wind. As the sea was rough, it caused damage to the <em>Lusit\u00e2nia<\/em>, which lost one of its floats. The aeronauts were picked up by a Cruiser of the <a href=\"https:\/\/www.marinha.pt\/pt\">Portuguese Navy<\/a>, which took them to Fernando de Noronha. Despite being exhausted by the 1,700-kilometer flight and the crash landing, they celebrated the precise discovery of those rocks in the middle of the South Atlantic, using only the astronomical navigation method created by Gago Coutinho.     <\/p>\n\n<p class=\"wp-block-paragraph\"><\/p>\n<div class=\"wp-block-image\">\n<figure class=\"aligncenter size-large\"><img loading=\"lazy\" decoding=\"async\" width=\"1024\" height=\"437\" src=\"https:\/\/lisbonsightsailing.com\/wp-content\/uploads\/2022\/06\/100-Aniversario-da-primeira-travessia-aerea-do-Atlantico-Sul-3-1024x437.jpg\" alt=\"Boats in the Tagus\" class=\"wp-image-32312\" srcset=\"https:\/\/lisbonsightsailing.com\/wp-content\/uploads\/2022\/06\/100-Aniversario-da-primeira-travessia-aerea-do-Atlantico-Sul-3-1024x437.jpg 1024w, https:\/\/lisbonsightsailing.com\/wp-content\/uploads\/2022\/06\/100-Aniversario-da-primeira-travessia-aerea-do-Atlantico-Sul-3-300x128.jpg 300w, https:\/\/lisbonsightsailing.com\/wp-content\/uploads\/2022\/06\/100-Aniversario-da-primeira-travessia-aerea-do-Atlantico-Sul-3-768x327.jpg 768w, https:\/\/lisbonsightsailing.com\/wp-content\/uploads\/2022\/06\/100-Aniversario-da-primeira-travessia-aerea-do-Atlantico-Sul-3-1536x655.jpg 1536w, https:\/\/lisbonsightsailing.com\/wp-content\/uploads\/2022\/06\/100-Aniversario-da-primeira-travessia-aerea-do-Atlantico-Sul-3.jpg 1920w\" sizes=\"auto, (max-width: 1024px) 100vw, 1024px\" \/><figcaption class=\"wp-element-caption\">Photo: Jos\u00e9 Sena Goul\u00e3o \/ Lusa<\/figcaption><\/figure>\n<\/div>\n<div style=\"height:40px\" aria-hidden=\"true\" class=\"wp-block-spacer\"><\/div>\n\n<h2 class=\"wp-block-heading\" id=\"h-continuando-o-feito-historico\">Continuing the historic feat<\/h2>\n\n<p class=\"wp-block-paragraph\"><\/p>\n<div class=\"wp-block-image\">\n<figure class=\"alignleft size-large is-resized\"><img loading=\"lazy\" decoding=\"async\" width=\"1024\" height=\"750\" src=\"https:\/\/lisbonsightsailing.com\/wp-content\/uploads\/2022\/06\/100-Aniversario-da-primeira-travessia-aerea-do-Atlantico-Sul-2-1024x750.png\" alt=\"Sacadura Cabral and Gago Coutinho in the Lusit&#xE2;nia aircraft\" class=\"wp-image-32309\" style=\"width:404px;height:295px\" srcset=\"https:\/\/lisbonsightsailing.com\/wp-content\/uploads\/2022\/06\/100-Aniversario-da-primeira-travessia-aerea-do-Atlantico-Sul-2-1024x750.png 1024w, https:\/\/lisbonsightsailing.com\/wp-content\/uploads\/2022\/06\/100-Aniversario-da-primeira-travessia-aerea-do-Atlantico-Sul-2-300x220.png 300w, https:\/\/lisbonsightsailing.com\/wp-content\/uploads\/2022\/06\/100-Aniversario-da-primeira-travessia-aerea-do-Atlantico-Sul-2-768x563.png 768w, https:\/\/lisbonsightsailing.com\/wp-content\/uploads\/2022\/06\/100-Aniversario-da-primeira-travessia-aerea-do-Atlantico-Sul-2.png 1422w\" sizes=\"auto, (max-width: 1024px) 100vw, 1024px\" \/><figcaption class=\"wp-element-caption\">Sacadura Cabral and Gago Coutinho in the Lusit\u00e2nia aircraft. Navy Museum <\/figcaption><\/figure>\n<\/div>\n<p class=\"wp-block-paragraph\">With Portuguese and Brazilian public opinion involved in the feat, the Portuguese Government sent another seaplane, baptized as <em>P\u00e1tria<\/em>, from Fernando de Noronha, aboard the Brazilian ship <em>Bag\u00e9<\/em>, which arrived on May 6th. After the seaplane was unloaded, assembled and inspected, on May 11th, they took off from Fernando de Noronha. However, a new accident befell the aeronauts when, having returned and flying over the archipelago of S\u00e3o Pedro and S\u00e3o Paulo to restart the interrupted leg, an engine failure forced them to make an emergency landing, having remained nine hours as castaways until they were rescued by an English cargo ship that was in transit in that region.  <\/p>\n\n<p class=\"wp-block-paragraph\">After being returned to Fernando de Noronha, they waited until June 5th, when they received a new seaplane, baptized as Santa Cruz, sent to them. The seaplane was transported by ship from Portugal and put in the water at the Archipelago of S\u00e3o Pedro and S\u00e3o Paulo. It was then that it took off heading to Recife, making stops in Salvador, Porto Seguro, Vit\u00f3ria and from there to Rio de Janeiro. It was there that the Federal Capital, on June 17th, 1922, landed in front of Ilha das Enxadas, in the waters of Guanabara Bay.   <\/p>\n\n<p class=\"wp-block-paragraph\">Enthusiastically acclaimed as heroes in all the Brazilian cities where they landed, the aeronauts had successfully completed not only the first crossing of the South Atlantic, but for the first time in Aviation History. They had traveled over the Atlantic Ocean using only astronomical navigation from the airplane. <\/p>\n\n<p class=\"wp-block-paragraph\"><\/p>\n\n<div style=\"height:40px\" aria-hidden=\"true\" class=\"wp-block-spacer\"><\/div>\n\n<h2 class=\"wp-block-heading\" id=\"h-uma-ultima-curiosidade\">One last curiosity<\/h2>\n\n<p class=\"wp-block-paragraph\"><\/p>\n\n<p class=\"wp-block-paragraph\">The flight time was only sixty-two hours and twenty-six minutes, covering a total of 8,383 kilometers, although the journey lasted seventy-nine days.<\/p>\n","protected":false},"excerpt":{"rendered":"<p>On April 3rd, celebrations took place for the first air crossing of the South Atlantic, carried out by Sacadura Cabral and Gago Coutinho. It was a memorable show!  <\/p>\n","protected":false},"author":16,"featured_media":37754,"comment_status":"open","ping_status":"open","sticky":false,"template":"","format":"standard","meta":{"_acf_changed":false,"footnotes":""},"categories":[336],"tags":[1394,1017,1275,1093,1021,1095,1395],"class_list":["post-29265","post","type-post","status-publish","format-standard","has-post-thumbnail","hentry","category-news-en","tag-barco-en-3","tag-event","tag-exclusivo-en","tag-lisboa-en","tag-party","tag-rio-en","tag-tejo-en-2"],"acf":[],"_links":{"self":[{"href":"https:\/\/lisbonsightsailing.com\/en\/wp-json\/wp\/v2\/posts\/29265","targetHints":{"allow":["GET"]}}],"collection":[{"href":"https:\/\/lisbonsightsailing.com\/en\/wp-json\/wp\/v2\/posts"}],"about":[{"href":"https:\/\/lisbonsightsailing.com\/en\/wp-json\/wp\/v2\/types\/post"}],"author":[{"embeddable":true,"href":"https:\/\/lisbonsightsailing.com\/en\/wp-json\/wp\/v2\/users\/16"}],"replies":[{"embeddable":true,"href":"https:\/\/lisbonsightsailing.com\/en\/wp-json\/wp\/v2\/comments?post=29265"}],"version-history":[{"count":3,"href":"https:\/\/lisbonsightsailing.com\/en\/wp-json\/wp\/v2\/posts\/29265\/revisions"}],"predecessor-version":[{"id":78534,"href":"https:\/\/lisbonsightsailing.com\/en\/wp-json\/wp\/v2\/posts\/29265\/revisions\/78534"}],"wp:featuredmedia":[{"embeddable":true,"href":"https:\/\/lisbonsightsailing.com\/en\/wp-json\/wp\/v2\/media\/37754"}],"wp:attachment":[{"href":"https:\/\/lisbonsightsailing.com\/en\/wp-json\/wp\/v2\/media?parent=29265"}],"wp:term":[{"taxonomy":"category","embeddable":true,"href":"https:\/\/lisbonsightsailing.com\/en\/wp-json\/wp\/v2\/categories?post=29265"},{"taxonomy":"post_tag","embeddable":true,"href":"https:\/\/lisbonsightsailing.com\/en\/wp-json\/wp\/v2\/tags?post=29265"}],"curies":[{"name":"wp","href":"https:\/\/api.w.org\/{rel}","templated":true}]}}