{"id":39781,"date":"2018-08-01T12:21:17","date_gmt":"2018-08-01T12:21:17","guid":{"rendered":"https:\/\/lisbonsightsailing.com\/una-receta-corporativa-disenada-a-medida-2\/"},"modified":"2026-09-02T11:04:29","modified_gmt":"2026-09-02T11:04:29","slug":"una-receta-corporativa-disenada-a-medida-2","status":"publish","type":"post","link":"https:\/\/lisbonsightsailing.com\/es\/una-receta-corporativa-disenada-a-medida-2\/","title":{"rendered":"Una receta corporativa dise\u00f1ada a medida"},"content":{"rendered":"\n<h2 class=\"wp-block-heading\" id=\"h-experiencia-nautica-desenhada-a-medida\">Experiencia n\u00e1utica dise\u00f1ada a medida<\/h2>\n\n<p class=\"wp-block-paragraph\"><\/p>\n\n<p class=\"wp-block-paragraph\">Una receta que incluye una experiencia n\u00e1utica dise\u00f1ada a medida. Se trata de una prescripci\u00f3n con excelentes resultados ;-). <\/p>\n\n<p class=\"wp-block-paragraph\">Esta actividad tuvo lugar en el marco de un evento acad\u00e9mico internacional promovido por la <a href=\"http:\/\/www.psicologia.ulisboa.pt\/\">Facultad de Psicolog\u00eda<\/a> de la Universidad de Lisboa. Este simp\u00e1tico grupo de psic\u00f3logos estaba constituido por investigadores europeos y estadounidenses. <\/p>\n\n<div style=\"height:40px\" aria-hidden=\"true\" class=\"wp-block-spacer\"><\/div>\n\n<h2 class=\"wp-block-heading\" id=\"h-vivida-num-cenario-inebriante\">Vivida en un entorno embriagador<\/h2>\n\n<p class=\"wp-block-paragraph\"><\/p>\n\n<p class=\"wp-block-paragraph\">Y porque tambi\u00e9n los Psic\u00f3logos merecen hacer una pausa, tuvimos la oportunidad de llevar a pasear a un grupo bien dispuesto de estos profesionales en un sof\u00e1 muy diferente\u2026 \u00a1con vistas a la <a href=\"https:\/\/lisbonsightsailing.com\/es\/vistas\/torre-de-belen\/\">Torre de Bel\u00e9m<\/a>!<\/p>\n\n<p class=\"wp-block-paragraph\">Vinieron a escuchar lo que ten\u00edamos para contarles. Un poco de historia de los Descubrimientos portugueses. Algunos secretos de navegaci\u00f3n a vela. Una buena dosis de explicaciones sobre los monumentos avistados. Las relaciones de los portugueses con otros pueblos. Y, naturalmente, aprovecharon para hacer muchas preguntas. Muchas de ellas sobre la actualidad social, pol\u00edtica y econ\u00f3mica que se vive en Portugal. Otras sobre las personalidades portuguesas m\u00e1s famosas. En s\u00edntesis, era un grupo muy interesado en conocer y comprender mejor la cultura y el estilo de vida nacional.        <\/p>\n\n<p class=\"wp-block-paragraph\">Todo esto ocurri\u00f3 a bordo de un c\u00f3modo catamar\u00e1n mientras disfrutaban de las embriagadoras vistas de la ciudad de Lisboa y de una degustaci\u00f3n portuguesa. Es decir, \u00a1todos los sentidos fueron desafiados! Para nosotros, esta fue una oportunidad m\u00e1s para mostrar los encantos del <a href=\"https:\/\/lisbonsightsailing.com\/vistas\/\">otro lado de Lisboa<\/a>.  <\/p>\n\n<div style=\"height:40px\" aria-hidden=\"true\" class=\"wp-block-spacer\"><\/div>\n\n<h2 class=\"wp-block-heading\" id=\"h-e-que-deixou-memorias-unicas\">Y que dej\u00f3 recuerdos \u00fanicos<\/h2>\n\n<p class=\"wp-block-paragraph\"><\/p>\n\n<p class=\"wp-block-paragraph\">Fue una experiencia n\u00e1utica dise\u00f1ada a medida de las expectativas de la organizaci\u00f3n. La verdad es que, al final de este paseo en barco personalizado, quedaron las sonrisas en los rostros y en los recuerdos, que sin duda durar\u00e1n toda la vida. Recuerdos que podr\u00e1n revivir siempre que sientan la necesidad de inspiraci\u00f3n o de valor para afrontar nuevos retos. Este es el efecto secundario que deja este lado de Lisboa. Ven a sentirlo con nosotros. \u00a1Te sentir\u00e1s agradecido!     <\/p>\n","protected":false},"excerpt":{"rendered":"<p>Y porque tambi\u00e9n los Psic\u00f3logos merecen hacer una pausa, tuvimos la oportunidad de llevar a pasear a un grupo bien dispuesto de estos profesionales en un sof\u00e1 muy diferente\u2026 \u00a1con vistas a la Torre de Bel\u00e9m!<br \/>\nEsta actividad tuvo lugar en el marco de un evento acad\u00e9mico internacional promovido por la Facultad de Psicolog\u00eda de la Universidad de Lisboa.<\/p>\n","protected":false},"author":16,"featured_media":38014,"comment_status":"open","ping_status":"open","sticky":false,"template":"","format":"standard","meta":{"_acf_changed":false,"footnotes":""},"categories":[371],"tags":[1006,1012,1020,1024,1037,1043,1047],"class_list":["post-39781","post","type-post","status-publish","format-standard","has-post-thumbnail","hentry","category-eventos-es","tag-barco-es","tag-corporativo-es","tag-exclusivo-es","tag-lisboa-es","tag-lujo","tag-regata-es","tag-team-building-es"],"acf":[],"_links":{"self":[{"href":"https:\/\/lisbonsightsailing.com\/es\/wp-json\/wp\/v2\/posts\/39781","targetHints":{"allow":["GET"]}}],"collection":[{"href":"https:\/\/lisbonsightsailing.com\/es\/wp-json\/wp\/v2\/posts"}],"about":[{"href":"https:\/\/lisbonsightsailing.com\/es\/wp-json\/wp\/v2\/types\/post"}],"author":[{"embeddable":true,"href":"https:\/\/lisbonsightsailing.com\/es\/wp-json\/wp\/v2\/users\/16"}],"replies":[{"embeddable":true,"href":"https:\/\/lisbonsightsailing.com\/es\/wp-json\/wp\/v2\/comments?post=39781"}],"version-history":[{"count":3,"href":"https:\/\/lisbonsightsailing.com\/es\/wp-json\/wp\/v2\/posts\/39781\/revisions"}],"predecessor-version":[{"id":78544,"href":"https:\/\/lisbonsightsailing.com\/es\/wp-json\/wp\/v2\/posts\/39781\/revisions\/78544"}],"wp:featuredmedia":[{"embeddable":true,"href":"https:\/\/lisbonsightsailing.com\/es\/wp-json\/wp\/v2\/media\/38014"}],"wp:attachment":[{"href":"https:\/\/lisbonsightsailing.com\/es\/wp-json\/wp\/v2\/media?parent=39781"}],"wp:term":[{"taxonomy":"category","embeddable":true,"href":"https:\/\/lisbonsightsailing.com\/es\/wp-json\/wp\/v2\/categories?post=39781"},{"taxonomy":"post_tag","embeddable":true,"href":"https:\/\/lisbonsightsailing.com\/es\/wp-json\/wp\/v2\/tags?post=39781"}],"curies":[{"name":"wp","href":"https:\/\/api.w.org\/{rel}","templated":true}]}}