{"id":62635,"date":"2026-01-16T10:56:53","date_gmt":"2026-01-16T10:56:53","guid":{"rendered":"https:\/\/lisbonsightsailing.com\/?p=62635"},"modified":"2026-09-02T13:55:49","modified_gmt":"2026-09-02T13:55:49","slug":"proximos-eventos-que-tendran-lugar-en-la-fil","status":"publish","type":"post","link":"https:\/\/lisbonsightsailing.com\/es\/proximos-eventos-que-tendran-lugar-en-la-fil\/","title":{"rendered":"Los pr\u00f3ximos eventos que tendr\u00e1n lugar en la FIL"},"content":{"rendered":"\n<p class=\"wp-block-paragraph\">Lisboa se prepara para acoger, en el primer semestre de 2026, algunas de las ferias profesionales y sectoriales m\u00e1s importantes del pa\u00eds: el <strong>PET Festival<\/strong>, la <strong>Lisbon Food Affair<\/strong>, la <strong>BTL \u2013 Bolsa de Turismo de Lisboa<\/strong>, la <strong>Nauticampo<\/strong>, la <strong>Futur\u00e1lia<\/strong>, el <strong>SIL<\/strong> y la <strong>TEKT\u00d3NICA<\/strong>. Todas ellas tendr\u00e1n lugar en la <strong>FIL \u2013 Feria Internacional de Lisboa<\/strong>, en el Parque das Na\u00e7\u00f5es, consolidando esta zona de la ciudad como epicentro de los negocios, la innovaci\u00f3n y el networking. <\/p>\n\n<p class=\"wp-block-paragraph\">Los eventos abarcan varios sectores \u2014animales, alimentaci\u00f3n, turismo, n\u00e1utica, educaci\u00f3n\/formaci\u00f3n, construcci\u00f3n y mercado inmobiliario\u2014 lo que genera posibilidades de sinergias, solapamientos de p\u00fablico y oportunidades de networking entre sectores afines.<\/p>\n\n<p class=\"wp-block-paragraph\">A continuaci\u00f3n, le presentamos en detalle la lista de los pr\u00f3ximos eventos ya confirmados que tendr\u00e1n lugar en la FIL \u2013 Feria Internacional de Lisboa.<\/p>\n\n<div style=\"height:40px\" aria-hidden=\"true\" class=\"wp-block-spacer\"><\/div>\n\n<h2 id=\"h-fevereiro-2026\" class=\"wp-block-heading\">Febrero de 2026<\/h2>\n\n<p class=\"wp-block-paragraph\"><\/p>\n\n<h3 id=\"h-pet-festival-2026\" class=\"wp-block-heading\">PET Festival 2026<\/h3>\n\n<p class=\"wp-block-paragraph\"><\/p>\n\n<p class=\"wp-block-paragraph\">El <a href=\"https:\/\/petfestival.fil.pt\/\">PET Festival<\/a> es el mayor evento de Portugal dedicado a los animales de compa\u00f1\u00eda y al sector de las mascotas. Reuniendo a familias, profesionales, criadores, veterinarios y marcas, la feria promueve la conexi\u00f3n entre humanos y animales a trav\u00e9s de demostraciones, talleres, charlas y zonas de interacci\u00f3n. El festival funciona como un espacio de aprendizaje, sensibilizaci\u00f3n y presentaci\u00f3n de novedades relacionadas con el bienestar, la nutrici\u00f3n, la salud y el ocio de las mascotas.  <\/p>\n\n<p class=\"wp-block-paragraph\"><\/p>\n<div class=\"wp-block-image\">\n<figure class=\"aligncenter size-full is-resized\"><img loading=\"lazy\" decoding=\"async\" width=\"302\" height=\"174\" src=\"https:\/\/lisbonsightsailing.com\/wp-content\/uploads\/2026\/01\/lisbon-sight-sailing-PET-Festival-2026.webp\" alt=\"\" class=\"wp-image-75720\" style=\"aspect-ratio:1.7356982487651549;width:337px;height:auto\" srcset=\"https:\/\/lisbonsightsailing.com\/wp-content\/uploads\/2026\/01\/lisbon-sight-sailing-PET-Festival-2026.webp 302w, https:\/\/lisbonsightsailing.com\/wp-content\/uploads\/2026\/01\/lisbon-sight-sailing-PET-Festival-2026-300x173.webp 300w\" sizes=\"auto, (max-width: 302px) 100vw, 302px\" \/><\/figure>\n<\/div>\n<p class=\"wp-block-paragraph\"><\/p>\n\n<p class=\"wp-block-paragraph\"><strong>&#8211; Fechas<\/strong>: del 6 al 8 de febrero de 2026<\/p>\n\n<p class=\"wp-block-paragraph\"><strong>&#8211; Horarios<\/strong>:<\/p>\n\n<ul class=\"wp-block-list\">\n<li>6 y 7 de febrero: 10:00 \u2013 22:00<\/li>\n\n\n\n<li>8 de febrero: 10:00 \u2013 20:00<\/li>\n<\/ul>\n\n<p class=\"wp-block-paragraph\"><strong>&#8211; P\u00fablico objetivo<\/strong>: familias, amantes de los animales de compa\u00f1\u00eda, profesionales del sector veterinario \/ pet-shop \/ grooming, criadores, expositores de productos y servicios relacionados con los animales.<\/p>\n\n<p class=\"wp-block-paragraph\"><strong>&#8211; Venta de entradas<\/strong>: Puede <a href=\"https:\/\/tickets.fil.pt\/events\/pet2026\">consultar aqu\u00ed<\/a> el precio de las entradas.<\/p>\n\n<p class=\"wp-block-paragraph\"><strong>&#8211; Entrada de animales<\/strong>: Permitida; es decir, los visitantes pueden traer a sus animales de compa\u00f1\u00eda.<\/p>\n\n<p class=\"wp-block-paragraph\"><strong>&#8211; Actividades y programaci\u00f3n<\/strong>: talleres, charlas, \u00e1reas tem\u00e1ticas como \u201cDog School\u201d, encuentros de razas, demostraciones de modalidades caninas, cuidados de salud, nutrici\u00f3n, comportamiento animal, charlas t\u00e9cnicas, etc.<\/p>\n\n<p class=\"wp-block-paragraph\"><strong>&#8211; Oportunidades<\/strong>:<\/p>\n\n<p class=\"wp-block-paragraph\">Para <strong>marcas y empresas<\/strong> del sector de las mascotas, esta feria es una de las m\u00e1s visibles en Portugal para la exposici\u00f3n directa al p\u00fablico final y a los stakeholders del sector.<\/p>\n\n<p class=\"wp-block-paragraph\">Para <strong>profesionales<\/strong> (veterinarios, criadores, pet shops): posibilidad de networking, demostraci\u00f3n de nuevos productos, benchmarking.<\/p>\n\n<p class=\"wp-block-paragraph\">Para el <strong>p\u00fablico general<\/strong>: educaci\u00f3n, diversi\u00f3n, interacci\u00f3n con animales, descubrimiento de productos y servicios.<\/p>\n\n<p class=\"wp-block-paragraph\"><\/p>\n\n<div style=\"height:40px\" aria-hidden=\"true\" class=\"wp-block-spacer\"><\/div>\n\n<h3 id=\"h-lisbon-food-affair-lfa-2026\" class=\"wp-block-heading\">Lisbon Food Affair (LFA) 2026<\/h3>\n\n<p class=\"wp-block-paragraph\"><\/p>\n\n<p class=\"wp-block-paragraph\">La <a href=\"https:\/\/lisbonfoodaffair.fil.pt\/\">Lisbon Food Affair<\/a> se consolida como una de las principales ferias profesionales del sector agroalimentario y de la restauraci\u00f3n en Portugal. Destinada exclusivamente a profesionales, presenta una oferta integral de alimentos, bebidas, equipos y servicios, funcionando como plataforma estrat\u00e9gica de negocios y exportaci\u00f3n. Al mismo tiempo, promueve tendencias de consumo, innovaci\u00f3n en el sector y oportunidades de networking entre empresas nacionales e internacionales.  <\/p>\n\n<p class=\"wp-block-paragraph\"><\/p>\n<div class=\"wp-block-image\">\n<figure class=\"aligncenter size-full\"><img loading=\"lazy\" decoding=\"async\" width=\"264\" height=\"178\" src=\"https:\/\/lisbonsightsailing.com\/wp-content\/uploads\/2026\/01\/lisbon-sight-sailing-Lisbon-Food-Affair-LFA-2026.webp\" alt=\"\" class=\"wp-image-75721\"\/><\/figure>\n<\/div>\n<p class=\"wp-block-paragraph\"><\/p>\n\n<p class=\"wp-block-paragraph\"><strong>&#8211; Fechas<\/strong>: del 9 al 11 de febrero de 2026<\/p>\n\n<p class=\"wp-block-paragraph\"><strong>&#8211; Horarios<\/strong>:<\/p>\n\n<ul class=\"wp-block-list\">\n<li>9 y 10 de febrero: 10:00 \u2013 19:00<\/li>\n\n\n\n<li>11 de febrero: 10:00 \u2013 18:00<\/li>\n<\/ul>\n\n<p class=\"wp-block-paragraph\"><strong>&#8211; P\u00fablico objetivo<\/strong>: fabricantes de alimentos\/bebidas, distribuidores, importadores, operadores de restauraci\u00f3n y hosteler\u00eda, profesionales del sector alimentario, periodistas y compradores.<\/p>\n\n<p class=\"wp-block-paragraph\"><strong>&#8211; Qu\u00e9 esperar<\/strong>: adem\u00e1s de expositores de productos, probablemente habr\u00e1 degustaciones, showcookings, conferencias, charlas sobre tendencias alimentarias y oportunidades de exportaci\u00f3n.<\/p>\n\n<p class=\"wp-block-paragraph\"><strong>&#8211; Historial de dimensiones<\/strong>: en la edici\u00f3n de 2025, cerca de 300 empresas expositoras, m\u00e1s de 500 marcas y m\u00e1s de 30 mercados representados entre expositores y compradores.<\/p>\n\n<p class=\"wp-block-paragraph\"><\/p>\n\n<div style=\"height:40px\" aria-hidden=\"true\" class=\"wp-block-spacer\"><\/div>\n\n<h3 id=\"h-btl-better-tourism-lisbon-2026\" class=\"wp-block-heading\">BTL \u2014 Better Tourism Lisbon 2026<\/h3>\n\n<p class=\"wp-block-paragraph\"><\/p>\n\n<p class=\"wp-block-paragraph\">La <a href=\"https:\/\/btl.fil.pt\/\">BTL<\/a> es la feria de turismo m\u00e1s importante de Portugal y una de las mayores de la pen\u00ednsula ib\u00e9rica. Funciona como punto de encuentro entre destinos tur\u00edsticos, operadores, agencias de viajes, hoteles, empresas de tecnolog\u00eda aplicada al turismo y entidades institucionales. Con d\u00edas dedicados a profesionales y momentos abiertos al p\u00fablico, la BTL combina promoci\u00f3n internacional, negocios B2B e inspiraci\u00f3n para viajeros, presentando novedades, experiencias y oportunidades exclusivas.  <\/p>\n\n<p class=\"wp-block-paragraph\"><\/p>\n<div class=\"wp-block-image\">\n<figure class=\"aligncenter size-full is-resized\"><img decoding=\"async\" src=\"https:\/\/lisbonsightsailing.com\/wp-content\/uploads\/2026\/01\/lisbon-sight-sailing-BTL-&#x2014;-Bolsa-de-Turismo-de-Lisboa-2026-768x352-1.webp\" alt=\"\" class=\"wp-image-75722\" style=\"aspect-ratio:2.178811704628354;width:360px;height:auto\"\/><\/figure>\n<\/div>\n<p class=\"wp-block-paragraph\"><\/p>\n\n<p class=\"wp-block-paragraph\"><strong>&#8211; Fechas<\/strong>: del 25 de febrero al 1 de marzo de 2026<\/p>\n\n<p class=\"wp-block-paragraph\"><strong>&#8211; Horarios \/ r\u00e9gimen<\/strong> (profesionales vs. p\u00fablico):<\/p>\n\n<p class=\"wp-block-paragraph\">En los d\u00edas iniciales (d\u00edas profesionales) el acceso est\u00e1 restringido a profesionales; posteriormente se abre al p\u00fablico.<\/p>\n\n<p class=\"wp-block-paragraph\">El 27 de febrero (viernes), horarios ampliados hasta la noche; el fin de semana, entrada p\u00fablica con horarios espec\u00edficos (a partir de las 12:00).<br\/>El domingo (1 de marzo), de 12:00 a 20:00 para el p\u00fablico general.<\/p>\n\n<p class=\"wp-block-paragraph\"><strong>&#8211; Oportunidades<\/strong>:<\/p>\n\n<p class=\"wp-block-paragraph\">Promover destinos, productos tur\u00edsticos, experiencias, paquetes y colaboraciones entre agentes nacionales e internacionales.<\/p>\n\n<p class=\"wp-block-paragraph\">Ideal para captar mercados externos y dom\u00e9sticos, presentando innovaciones en el sector.<\/p>\n\n<p class=\"wp-block-paragraph\">Para los visitantes p\u00fablicos, es una oportunidad de conocer destinos, ver ofertas promocionales e inspirarse para futuros viajes.<\/p>\n\n<div style=\"height:40px\" aria-hidden=\"true\" class=\"wp-block-spacer\"><\/div>\n\n<h2 id=\"h-marco-2026\" class=\"wp-block-heading\">Marzo de 2026<\/h2>\n\n<p class=\"wp-block-paragraph\"><\/p>\n\n<h3 id=\"h-nauticampo-2026\" class=\"wp-block-heading\">Nauticampo 2026<\/h3>\n\n<p class=\"wp-block-paragraph\"><\/p>\n\n<p class=\"wp-block-paragraph\">La <a href=\"https:\/\/nauticampo.fil.pt\/\">Nauticampo<\/a> es la mayor feria portuguesa dedicada a la n\u00e1utica, el deporte, la aventura y las actividades al aire libre. Con una tradici\u00f3n consolidada, el evento presenta barcos, equipos n\u00e1uticos, accesorios de recreo, caravanas, campismo y soluciones para el turismo de naturaleza. Atrae a profesionales del sector, entusiastas y familias que buscan novedades, experiencias y contacto directo con marcas de referencia vinculadas al mar y a la vida al aire libre.  <\/p>\n\n<p class=\"wp-block-paragraph\"><\/p>\n<div class=\"wp-block-image\">\n<figure class=\"aligncenter size-full is-resized\"><img loading=\"lazy\" decoding=\"async\" width=\"768\" height=\"222\" src=\"https:\/\/lisbonsightsailing.com\/wp-content\/uploads\/2026\/01\/lisbon-sight-sailing-Nauticampo-2026-768x222-1.webp\" alt=\"\" class=\"wp-image-75723\" style=\"aspect-ratio:3.459659692257592;width:471px;height:auto\" srcset=\"https:\/\/lisbonsightsailing.com\/wp-content\/uploads\/2026\/01\/lisbon-sight-sailing-Nauticampo-2026-768x222-1.webp 768w, https:\/\/lisbonsightsailing.com\/wp-content\/uploads\/2026\/01\/lisbon-sight-sailing-Nauticampo-2026-768x222-1-300x87.webp 300w, https:\/\/lisbonsightsailing.com\/wp-content\/uploads\/2026\/01\/lisbon-sight-sailing-Nauticampo-2026-768x222-1-350x100.webp 350w\" sizes=\"auto, (max-width: 768px) 100vw, 768px\" \/><\/figure>\n<\/div>\n<p class=\"wp-block-paragraph\"><\/p>\n\n<p class=\"wp-block-paragraph\">&#8211; <strong>Fechas<\/strong>: del 11 al 15 de marzo de 2026<\/p>\n\n<p class=\"wp-block-paragraph\">&#8211; <strong>Sectores implicados<\/strong>: navegaci\u00f3n de recreo, equipos n\u00e1uticos, deportes acu\u00e1ticos, barcos, motores, accesorios mar\u00edtimos.<\/p>\n\n<p class=\"wp-block-paragraph\">&#8211; <strong>P\u00fablico objetivo<\/strong>: entusiastas de la n\u00e1utica, empresas del sector mar\u00edtimo, clubes n\u00e1uticos, distribuidores de barcos\/equipos y p\u00fablico general interesado.<\/p>\n\n<p class=\"wp-block-paragraph\"><\/p>\n\n<div style=\"height:40px\" aria-hidden=\"true\" class=\"wp-block-spacer\"><\/div>\n\n<h3 id=\"h-futuralia-2026\" class=\"wp-block-heading\">Futur\u00e1lia 2026<\/h3>\n\n<p class=\"wp-block-paragraph\"><\/p>\n\n<p class=\"wp-block-paragraph\">La <a href=\"https:\/\/futuralia.fil.pt\/\">Futur\u00e1lia<\/a> es la mayor feria nacional de educaci\u00f3n, formaci\u00f3n y empleabilidad. Presenta una amplia oferta de instituciones de ense\u00f1anza, cursos profesionales, programas internacionales, as\u00ed como oportunidades de pr\u00e1cticas y carrera. <\/p>\n\n<p class=\"wp-block-paragraph\"><\/p>\n<div class=\"wp-block-image\">\n<figure class=\"aligncenter size-full is-resized\"><img loading=\"lazy\" decoding=\"async\" width=\"768\" height=\"130\" src=\"https:\/\/lisbonsightsailing.com\/wp-content\/uploads\/2026\/01\/lisbon-sight-sailing-Futuralia-2026-768x130-1.webp\" alt=\"\" class=\"wp-image-75724\" style=\"aspect-ratio:5.919401012992733;width:616px;height:auto\" srcset=\"https:\/\/lisbonsightsailing.com\/wp-content\/uploads\/2026\/01\/lisbon-sight-sailing-Futuralia-2026-768x130-1.webp 768w, https:\/\/lisbonsightsailing.com\/wp-content\/uploads\/2026\/01\/lisbon-sight-sailing-Futuralia-2026-768x130-1-300x51.webp 300w\" sizes=\"auto, (max-width: 768px) 100vw, 768px\" \/><\/figure>\n<\/div>\n<p class=\"wp-block-paragraph\"><\/p>\n\n<p class=\"wp-block-paragraph\">&#8211; <strong>Fechas<\/strong>: del 11 al 14 de marzo de 2026<\/p>\n\n<p class=\"wp-block-paragraph\">&#8211; <strong>P\u00fablico objetivo<\/strong>: estudiantes de ense\u00f1anza secundaria y superior, reci\u00e9n licenciados, instituciones de ense\u00f1anza, empresas que ofrecen pr\u00e1cticas\/empleo, orientadores vocacionales y p\u00fablico general interesado en formaci\u00f3n.<\/p>\n\n<div style=\"height:40px\" aria-hidden=\"true\" class=\"wp-block-spacer\"><\/div>\n\n<h2 id=\"h-abril-2026\" class=\"wp-block-heading\">Abril de 2026<\/h2>\n\n<p class=\"wp-block-paragraph\"><\/p>\n\n<h3 id=\"h-sil-salao-imobiliario-de-portugal\" class=\"wp-block-heading\">SIL \u2013 Sal\u00f3n Inmobiliario de Portugal<\/h3>\n\n<p class=\"wp-block-paragraph\"><\/p>\n\n<p class=\"wp-block-paragraph\">El <a href=\"https:\/\/imobiliario.fil.pt\/\">SIL<\/a> es el evento de referencia del sector inmobiliario en Portugal. Re\u00fane a promotores, constructoras, inversores, agencias, entidades financieras y potenciales compradores en un espacio privilegiado de negocios y networking. El sal\u00f3n presenta promociones residenciales, comerciales y tur\u00edsticas, destacando tendencias de urbanismo, rehabilitaci\u00f3n urbana e inversi\u00f3n. Tambi\u00e9n es escenario de conferencias y foros especializados donde se discuten las din\u00e1micas y el futuro del mercado inmobiliario.   <\/p>\n\n<p class=\"wp-block-paragraph\"><\/p>\n<div class=\"wp-block-image\">\n<figure class=\"aligncenter size-full\"><img decoding=\"async\" src=\"https:\/\/lisbonsightsailing.com\/wp-content\/uploads\/2026\/01\/lisbon-sight-sailing-SIL-&#x2013;-Salao-Imobiliario-de-Portugal-e1765284791596.webp\" alt=\"\" class=\"wp-image-75726\" title=\"lisbon-sight-sailing-SIL-Salon-Inmobiliario-de-Portugal\"\/><\/figure>\n<\/div>\n<div class=\"wp-block-uagb-image aligncenter uagb-block-58cdcd5c wp-block-uagb-image--layout-default wp-block-uagb-image--effect-static wp-block-uagb-image--align-center\"><figure class=\"wp-block-uagb-image__figure\"><\/figure><\/div>\n\n<p class=\"wp-block-paragraph\"><\/p>\n\n<p class=\"wp-block-paragraph\">&#8211; <strong>Fechas<\/strong>: del 23 al 25 de abril de 2026<\/p>\n\n<p class=\"wp-block-paragraph\">&#8211; <strong>Lugar<\/strong>: FIL \u2013 Feria Internacional de Lisboa (simult\u00e1neamente con TEKT\u00d3NICA)<\/p>\n\n<p class=\"wp-block-paragraph\">&#8211; <strong>Sector \/ enfoque<\/strong>: inmobiliario, promoci\u00f3n de proyectos residenciales y comerciales, financiaci\u00f3n, servicios inmobiliarios, construcci\u00f3n integrada.<\/p>\n\n<p class=\"wp-block-paragraph\">&#8211; <strong>P\u00fablico objetivo<\/strong>: promotores inmobiliarios, constructoras, agentes inmobiliarios, inversores, p\u00fablico que busca inmuebles, entidades de financiaci\u00f3n, urbanismo, arquitectos.<\/p>\n\n<p class=\"wp-block-paragraph\"><strong>Sinergia con TEKT\u00d3NICA<\/strong>: ambos eventos se celebran simult\u00e1neamente, lo que crea un \u201ccluster\u201d para quienes act\u00faan en los sectores de la construcci\u00f3n, la vivienda y el mercado inmobiliario, aprovechando la complementariedad de p\u00fablico y negocios.<\/p>\n\n<div style=\"height:40px\" aria-hidden=\"true\" class=\"wp-block-spacer\"><\/div>\n\n<h3 id=\"h-tektonica-2026\" class=\"wp-block-heading\">TEKT\u00d3NICA 2026<\/h3>\n\n<p class=\"wp-block-paragraph\"><\/p>\n\n<p class=\"wp-block-paragraph\">La <a href=\"https:\/\/tektonica.fil.pt\/\"><strong>TEKT\u00d3NICA<\/strong><\/a> es la feria l\u00edder del sector de la construcci\u00f3n en Portugal. Funciona como marketplace de innovaci\u00f3n y negocios, presentando soluciones de construcci\u00f3n sostenible, nuevos materiales, maquinaria, tecnolog\u00edas y servicios para profesionales del sector. Adem\u00e1s de la vertiente expositiva, la feria promueve concursos de innovaci\u00f3n, conferencias t\u00e9cnicas y acciones de networking, consolid\u00e1ndose como punto de encuentro esencial para arquitectos, ingenieros, constructores y responsables de la toma de decisiones vinculados a la industria de la construcci\u00f3n.  <\/p>\n\n<p class=\"wp-block-paragraph\"><\/p>\n<div class=\"wp-block-image\">\n<figure class=\"aligncenter size-full is-resized\"><img loading=\"lazy\" decoding=\"async\" width=\"768\" height=\"463\" src=\"https:\/\/lisbonsightsailing.com\/wp-content\/uploads\/2026\/01\/lisbon-sight-sailing-Tektonica-2026-768x463-1.webp\" alt=\"\" class=\"wp-image-75727\" style=\"aspect-ratio:1.660476852900262;width:488px;height:auto\" srcset=\"https:\/\/lisbonsightsailing.com\/wp-content\/uploads\/2026\/01\/lisbon-sight-sailing-Tektonica-2026-768x463-1.webp 768w, https:\/\/lisbonsightsailing.com\/wp-content\/uploads\/2026\/01\/lisbon-sight-sailing-Tektonica-2026-768x463-1-300x181.webp 300w\" sizes=\"auto, (max-width: 768px) 100vw, 768px\" \/><\/figure>\n<\/div>\n<p class=\"wp-block-paragraph\"><\/p>\n\n<p class=\"wp-block-paragraph\">&#8211; <strong>Fechas<\/strong>: del 23 al 25 de abril de 2026<\/p>\n\n<p class=\"wp-block-paragraph\"><strong>&#8211; Lugar<\/strong>: FIL \u2013 Feria Internacional de Lisboa (simult\u00e1neamente con SIL)<\/p>\n\n<p class=\"wp-block-paragraph\"><strong>&#8211; Horario<\/strong>: de 10:00 a 19:00 durante los d\u00edas de feria<\/p>\n\n<p class=\"wp-block-paragraph\"><strong>&#8211; Escala esperada (referencia 2025)<\/strong>: en la edici\u00f3n de 2025, ocup\u00f3 3 pabellones con m\u00e1s de 30.000 m\u00b2, cerca de 400 expositores, y junto con el SIL alcanz\u00f3 unos 33.500 visitantes.<\/p>\n\n<p class=\"wp-block-paragraph\">&#8211; <strong>Entradas \/ p\u00fablico<\/strong>: Entrada gratuita (hasta los 10 a\u00f1os) para el p\u00fablico general. Los profesionales del sector deben registrarse previamente (a trav\u00e9s de la plataforma Business FIL). <\/p>\n\n<p class=\"wp-block-paragraph\">&#8211; <strong>Organizaci\u00f3n<\/strong>: Funda\u00e7\u00e3o AIP \/ FIL<\/p>\n\n<div style=\"height:40px\" aria-hidden=\"true\" class=\"wp-block-spacer\"><\/div>\n\n<h2 id=\"h-team-building-e-networking-em-movimento\" class=\"wp-block-heading\">Team-building y networking en movimiento<\/h2>\n\n<p class=\"wp-block-paragraph\"><\/p>\n\n<p class=\"wp-block-paragraph\">El movimiento de personas en estas ferias es innegable. D\u00edas repletos de reuniones, presentaciones, charlas y demostraciones exigen energ\u00eda y concentraci\u00f3n. Sin embargo, es igualmente importante crear momentos de distensi\u00f3n y de fortalecimiento de las relaciones interpersonales, y es aqu\u00ed donde surge una oportunidad que muchos a\u00fan no exploran: <strong>los paseios en barco por el Tajo, con salida desde la Marina del Parque das Na\u00e7\u00f5es<\/strong>.  <\/p>\n\n<p class=\"wp-block-paragraph\">La ubicaci\u00f3n privilegiada de la FIL, junto al Tajo, permite que expositores, visitantes y equipos empresariales realicen una transici\u00f3n inmediata del ambiente intenso de las ferias al entorno relajante del r\u00edo. A unos 30 minutos a pie del recinto, la <strong>Marina del Parque das Na\u00e7\u00f5es<\/strong> ofrece <a href=\"https:\/\/lisbonsightsailing.com\/es\/nuestra-flota\/\">opciones de barcos<\/a> modernos y c\u00f3modos, listos para proporcionar experiencias exclusivas. <\/p>\n\n<p class=\"wp-block-paragraph\">Para las empresas que participan en estas ferias, organizar un paseo en barco tras una jornada de trabajo es m\u00e1s que un momento de ocio: es una herramienta estrat\u00e9gica de <strong>team-building<\/strong>. En un escenario relajado, los colaboradores refuerzan lazos, los socios fortalecen relaciones comerciales y los clientes viven una experiencia asociada a la marca que los invita. <\/p>\n\n<p class=\"wp-block-paragraph\">Las opciones son diversas: desde peque\u00f1os paseos privados al atardecer, ideales para equipos, hasta eventos privados a bordo, con catering y m\u00fasica, pensados para recibir a clientes internacionales con un toque de sofisticaci\u00f3n t\u00edpicamente lisboeta.<\/p>\n\n<p class=\"wp-block-paragraph\"><\/p>\n\n<div style=\"height:40px\" aria-hidden=\"true\" class=\"wp-block-spacer\"><\/div>\n\n<h2 id=\"h-um-antidoto-contra-o-stress-das-feiras\" class=\"wp-block-heading\">Un ant\u00eddoto contra el estr\u00e9s de las ferias<\/h2>\n\n<p class=\"wp-block-paragraph\"><\/p>\n\n<p class=\"wp-block-paragraph\">Participar en una feria implica largas horas de pie, contactos constantes y una presi\u00f3n continua por alcanzar objetivos. Al embarcarse en un paseo por el Tajo, todo eso da paso a una experiencia relajante, con vistas deslumbrantes de Lisboa: el Puente Vasco da Gama, el Telef\u00e9rico, la Torre Vasco da Gama, el Hotel Myriad y el Ocean\u00e1rio de Lisboa son solo algunos ejemplos. <\/p>\n\n<p class=\"wp-block-paragraph\">El sonido del r\u00edo, el ritmo tranquilo de la navegaci\u00f3n y el entorno natural funcionan como un <strong>ant\u00eddoto contra el estr\u00e9s<\/strong>, permitiendo recargar energ\u00edas para el d\u00eda siguiente.<\/p>\n\n<p class=\"wp-block-paragraph\">Al asociar la participaci\u00f3n en ferias como la BTL o la TEKT\u00d3NICA a un momento exclusivo en el Tajo, las empresas no solo ofrecen a sus colaboradores y socios una experiencia diferenciadora, sino que tambi\u00e9n prolongan la visibilidad de su presencia en Lisboa. Es una forma de transformar intensos d\u00edas de negocios en recuerdos que combinan <strong>profesionalismo y ocio<\/strong>. <\/p>\n\n<p class=\"wp-block-paragraph\">Con el calendario de grandes eventos de 2026 ya confirmado, el Parque das Na\u00e7\u00f5es refuerza su papel como centro de negocios e innovaci\u00f3n. Porque despu\u00e9s de un d\u00eda de feria, nada sienta mejor que cambiar el ruido de los pabellones por el sonido de las aguas del Tajo. <\/p>\n\n<p class=\"wp-block-paragraph\"><\/p>\n\n<p class=\"wp-block-paragraph\"><\/p>\n","protected":false},"excerpt":{"rendered":"<p>Todos los eventos mencionados se celebrar\u00e1n en Lisboa, principalmente en las instalaciones de la FIL \u2013 Feria Internacional de Lisboa (Parque das Na\u00e7\u00f5es).<\/p>\n","protected":false},"author":7,"featured_media":46594,"comment_status":"closed","ping_status":"closed","sticky":false,"template":"","format":"standard","meta":{"_acf_changed":false,"footnotes":""},"categories":[344],"tags":[1012,2345,1024],"class_list":["post-62635","post","type-post","status-publish","format-standard","has-post-thumbnail","hentry","category-noticias","tag-corporativo-es","tag-eventos-2","tag-lisboa-es"],"acf":[],"_links":{"self":[{"href":"https:\/\/lisbonsightsailing.com\/es\/wp-json\/wp\/v2\/posts\/62635","targetHints":{"allow":["GET"]}}],"collection":[{"href":"https:\/\/lisbonsightsailing.com\/es\/wp-json\/wp\/v2\/posts"}],"about":[{"href":"https:\/\/lisbonsightsailing.com\/es\/wp-json\/wp\/v2\/types\/post"}],"author":[{"embeddable":true,"href":"https:\/\/lisbonsightsailing.com\/es\/wp-json\/wp\/v2\/users\/7"}],"replies":[{"embeddable":true,"href":"https:\/\/lisbonsightsailing.com\/es\/wp-json\/wp\/v2\/comments?post=62635"}],"version-history":[{"count":3,"href":"https:\/\/lisbonsightsailing.com\/es\/wp-json\/wp\/v2\/posts\/62635\/revisions"}],"predecessor-version":[{"id":78624,"href":"https:\/\/lisbonsightsailing.com\/es\/wp-json\/wp\/v2\/posts\/62635\/revisions\/78624"}],"wp:featuredmedia":[{"embeddable":true,"href":"https:\/\/lisbonsightsailing.com\/es\/wp-json\/wp\/v2\/media\/46594"}],"wp:attachment":[{"href":"https:\/\/lisbonsightsailing.com\/es\/wp-json\/wp\/v2\/media?parent=62635"}],"wp:term":[{"taxonomy":"category","embeddable":true,"href":"https:\/\/lisbonsightsailing.com\/es\/wp-json\/wp\/v2\/categories?post=62635"},{"taxonomy":"post_tag","embeddable":true,"href":"https:\/\/lisbonsightsailing.com\/es\/wp-json\/wp\/v2\/tags?post=62635"}],"curies":[{"name":"wp","href":"https:\/\/api.w.org\/{rel}","templated":true}]}}