{"id":63504,"date":"2026-03-05T17:12:42","date_gmt":"2026-03-05T17:12:42","guid":{"rendered":"https:\/\/lisbonsightsailing.com\/?p=63504"},"modified":"2026-09-02T11:49:39","modified_gmt":"2026-09-02T11:49:39","slug":"calendario-de-puentes-2026-como-planificar-tus-minivacaciones-exclusivas-en-portugal","status":"publish","type":"post","link":"https:\/\/lisbonsightsailing.com\/es\/calendario-de-puentes-2026-como-planificar-tus-minivacaciones-exclusivas-en-portugal\/","title":{"rendered":"Calendario de Puentes 2026: c\u00f3mo planificar tus minivacaciones exclusivas en Portugal"},"content":{"rendered":"\n<p class=\"wp-block-paragraph\"><\/p>\n\n<p class=\"wp-block-paragraph\">En lugar de decidir a \u00faltima hora, estos bloques le permiten planificar sus minivacaciones con antelaci\u00f3n, aprovechar al m\u00e1ximo unos pocos d\u00edas de vacaciones y reducir el impacto de las colas, el tr\u00e1fico y los destinos saturados. <\/p>\n\n<p class=\"wp-block-paragraph\">A partir de estas fechas, puede planificar escapadas de tres o m\u00e1s d\u00edas a varias regiones del pa\u00eds, combinando estancias en tierra con experiencias en el r\u00edo o en el mar. Los paseos en barco privados \u2014operados directamente o en colaboraci\u00f3n con agentes locales\u2014 pueden servir como complemento discreto al programa, ofreciendo una perspectiva m\u00e1s reservada de las ciudades y las riberas, sin desviar la atenci\u00f3n del objetivo principal de este art\u00edculo: ayudarle a comprender el calendario de puentes de 2026 y su potencial de planificaci\u00f3n.  <\/p>\n\n<p class=\"wp-block-paragraph\"><\/p>\n\n<div style=\"height:58px\" aria-hidden=\"true\" class=\"wp-block-spacer\"><\/div>\n\n<h2 class=\"wp-block-heading\" id=\"h-abril-maio-transicao-para-a-primavera-e-luz-ideal-para-navegacao\">Abril\/mayo: transici\u00f3n a la primavera y luz ideal para la navegaci\u00f3n<\/h2>\n\n<p class=\"wp-block-paragraph\"><\/p>\n\n<p class=\"wp-block-paragraph\">En la primavera de 2026, la combinaci\u00f3n de Semana Santa y el 1 de mayo crea dos oportunidades interesantes para organizar minivacaciones de tres d\u00edas: <\/p>\n\n<ul class=\"wp-block-list\">\n<li>Viernes Santo (Semana Santa) \u2013 3 de abril, lo que permite un fin de semana largo de tres d\u00edas. <\/li>\n<\/ul>\n\n<ul class=\"wp-block-list\">\n<li>D\u00eda del Trabajador \u2013 1 de mayo, tambi\u00e9n un viernes, lo que crea un puente a finales de mes. <\/li>\n<\/ul>\n\n<p class=\"wp-block-paragraph\"><\/p>\n\n<p class=\"wp-block-paragraph\">Esta fase del a\u00f1o se caracteriza por d\u00edas progresivamente m\u00e1s largos, temperaturas moderadas y menor presi\u00f3n tur\u00edstica en comparaci\u00f3n con el verano. Es un periodo favorable para quienes aprecian una luz m\u00e1s suave para fotograf\u00eda, paseos urbanos sin calor extremo y actividades al aire libre con menor densidad de visitantes.  <\/p>\n\n<p class=\"wp-block-paragraph\">Desde el punto de vista pr\u00e1ctico, estos puentes permiten: <\/p>\n\n<ul class=\"wp-block-list\">\n<li>Planificar viajes de 2 a 3 noches sin gastar muchos d\u00edas de vacaciones. <\/li>\n<\/ul>\n\n<ul class=\"wp-block-list\">\n<li>Reservar alojamiento y transportes con antelaci\u00f3n, antes de la subida de precios t\u00edpica del verano. <\/li>\n<\/ul>\n\n<ul class=\"wp-block-list\">\n<li>Combinar actividades en tierra con experiencias de navegaci\u00f3n, evitando parte de la saturaci\u00f3n en puntos tur\u00edsticos m\u00e1s concurridos. <\/li>\n<\/ul>\n\n<p class=\"wp-block-paragraph\"><\/p>\n\n<div style=\"height:58px\" aria-hidden=\"true\" class=\"wp-block-spacer\"><\/div>\n\n<h3 class=\"wp-block-heading\" id=\"h-onde-ir-na-primavera\">\u00bfD\u00f3nde ir en primavera?<\/h3>\n\n<p class=\"wp-block-paragraph\"><\/p>\n\n<p class=\"wp-block-paragraph\">La primavera es especialmente adecuada para explorar: <\/p>\n\n<ul class=\"wp-block-list\">\n<li>Oporto \/ Duero \u2013 Utilizar el puente para conocer el centro hist\u00f3rico y las bodegas en Vila Nova de Gaia, complementando con un crucero corto por el Duero a trav\u00e9s de operadores locales o colaboradores. <\/li>\n<\/ul>\n\n<ul class=\"wp-block-list\">\n<li>Lisboa (Tajo) \u2013 Programar un fin de semana largo con base en la ciudad, combinando visitas a museos, miradores y barrios hist\u00f3ricos con un paseo en barco por el Tajo como forma de ver la ciudad desde la distancia. <\/li>\n<\/ul>\n\n<ul class=\"wp-block-list\">\n<li>Algarve \u2013 Apostar por estancias antes del pico de verano, explorando pueblos y playas a\u00fan con menos gente, y reservar una salida en barco para conocer acantilados y grutas sin depender de la ocupaci\u00f3n de las zonas de arena. <\/li>\n<\/ul>\n\n<ul class=\"wp-block-list\">\n<li>Madeira \u2013 Quedarse unos d\u00edas en Funchal, con caminatas y visitas a mercados, asociando un paseo en barco costero con colaboradores regionales para ver el anfiteatro de la ciudad desde el mar. <\/li>\n<\/ul>\n\n<ul class=\"wp-block-list\">\n<li>Azores \u2013 Aprovechar el puente para un primer acercamiento a una o dos islas, combinando senderos, termas y un paseo en barco costero o de observaci\u00f3n de vida marina, a trav\u00e9s de operadores locales. <\/li>\n<\/ul>\n\n<p class=\"wp-block-paragraph\"><\/p>\n\n<div style=\"height:58px\" aria-hidden=\"true\" class=\"wp-block-spacer\"><\/div>\n\n<h2 class=\"wp-block-heading\" id=\"h-dica-extra-o-super-nbsp-junho\">Consejo extra: el \u00abSuper Junio\u00bb<\/h2>\n\n<p class=\"wp-block-paragraph\"><\/p>\n\n<p class=\"wp-block-paragraph\">Aunque t\u00e9cnicamente no sea un \u00abpuente cl\u00e1sico\u00bb de fin de semana largo, junio de 2026 es un mes particularmente interesante para quienes consiguen gestionar d\u00edas de vacaciones con cierta flexibilidad. <\/p>\n\n<ul class=\"wp-block-list\">\n<li>Corpus Christi \u2013 4 de junio, jueves. <\/li>\n<\/ul>\n\n<ul class=\"wp-block-list\">\n<li>D\u00eda de Portugal \u2013 10 de junio, mi\u00e9rcoles. <\/li>\n<\/ul>\n\n<p class=\"wp-block-paragraph\">Con algo de planificaci\u00f3n, es posible: <\/p>\n\n<ul class=\"wp-block-list\">\n<li>Crear bloques de 4 a 6 d\u00edas entre estos festivos, usando solo 2 o 3 d\u00edas de vacaciones. <\/li>\n<\/ul>\n\n<ul class=\"wp-block-list\">\n<li>Organizar una pausa prolongada casi a mitad de a\u00f1o, escapando del pico absoluto de julio y agosto. <\/li>\n<\/ul>\n\n<ul class=\"wp-block-list\">\n<li>Garantizar mejores condiciones de precio y menor saturaci\u00f3n en destinos mar\u00edtimos y ribere\u00f1os, manteniendo aun as\u00ed buen tiempo. <\/li>\n<\/ul>\n\n<p class=\"wp-block-paragraph\">Para residentes en Oporto, hay todav\u00eda un beneficio adicional: <\/p>\n\n<ul class=\"wp-block-list\">\n<li>San Juan (Oporto) \u2013 24 de junio, en 2026 tambi\u00e9n un mi\u00e9rcoles, reforzando el potencial de un \u00abmini-mes de pausas\u00bb si se consigue conjugar descansos y vacaciones. <\/li>\n<\/ul>\n\n<p class=\"wp-block-paragraph\">En la pr\u00e1ctica, junio puede ser el mes m\u00e1s fuerte del a\u00f1o en t\u00e9rminos de oportunidad para quienes buscan varios momentos de descanso distribuidos, con clima favorable y menos presi\u00f3n t\u00edpica de los meses de vacaciones escolares. <\/p>\n\n<p class=\"wp-block-paragraph\"><\/p>\n\n<div style=\"height:58px\" aria-hidden=\"true\" class=\"wp-block-spacer\"><\/div>\n\n<h2 class=\"wp-block-heading\" id=\"h-outubro-verao-de-sao-martinho-e-estabilidade-das-aguas\">Octubre: \u00abVeranillo de San Mart\u00edn\u00bb y estabilidad de las aguas<\/h2>\n\n<p class=\"wp-block-paragraph\"><\/p>\n\n<p class=\"wp-block-paragraph\">En 2026, el festivo del 5 de octubre cae en lunes, creando un fin de semana largo que coincide con el periodo frecuentemente asociado al \u00abVeranillo de San Mart\u00edn\u00bb. Es una fase con:  <\/p>\n\n<ul class=\"wp-block-list\">\n<li>Temperaturas generalmente suaves. <\/li>\n<\/ul>\n\n<ul class=\"wp-block-list\">\n<li>Menor presi\u00f3n tur\u00edstica tras el pico de agosto y principios de septiembre. <\/li>\n<\/ul>\n\n<ul class=\"wp-block-list\">\n<li>Condiciones interesantes para actividades al aire libre, incluida la navegaci\u00f3n. <\/li>\n<\/ul>\n\n<p class=\"wp-block-paragraph\">Para quienes planifican con antelaci\u00f3n, este puente es adecuado para: <\/p>\n\n<ul class=\"wp-block-list\">\n<li>Escapadas urbanas con foco en gastronom\u00eda, vinos y paseos al atardecer. <\/li>\n<\/ul>\n\n<ul class=\"wp-block-list\">\n<li>Peque\u00f1os retiros en zonas costeras o ribere\u00f1as, ya con menos ocupaci\u00f3n hotelera que en verano. <\/li>\n<\/ul>\n\n<ul class=\"wp-block-list\">\n<li>Programas de grupo (familia, amigos, equipos) que no encajan en el calendario t\u00edpico de vacaciones de agosto. <\/li>\n<\/ul>\n\n<p class=\"wp-block-paragraph\"><\/p>\n\n<div style=\"height:58px\" aria-hidden=\"true\" class=\"wp-block-spacer\"><\/div>\n\n<h3 class=\"wp-block-heading\" id=\"h-onde-ir-em-outubro\">D\u00f3nde ir en octubre<\/h3>\n\n<p class=\"wp-block-paragraph\"><\/p>\n\n<p class=\"wp-block-paragraph\">Algunos ejemplos de utilizaci\u00f3n pr\u00e1ctica de este puente: <\/p>\n\n<ul class=\"wp-block-list\">\n<li>Oporto \/ Duero \u2013 Programa de tres d\u00edas con comidas tranquilas, visitas a bodegas y un crucero corto por el Duero al atardecer, a trav\u00e9s de operadores o colaboradores locales. <\/li>\n<\/ul>\n\n<ul class=\"wp-block-list\">\n<li>Lisboa (Tajo) \u2013 Fin de semana centrado en la ciudad, con un paseo al atardecer por el Tajo como alternativa a las azoteas y miradores m\u00e1s concurridos. <\/li>\n<\/ul>\n\n<ul class=\"wp-block-list\">\n<li>Algarve \u2013 Ideal para quienes prefieren la regi\u00f3n con menos gente, aprovechando el puente para disfrutar de playas, puertos deportivos y paseos en barco con mayor tranquilidad. <\/li>\n<\/ul>\n\n<ul class=\"wp-block-list\">\n<li>Madeira \u2013 Foco en el componente de bienestar (paseos, jardines, vistas), con un paseo costero al atardecer como complemento visual interesante. <\/li>\n<\/ul>\n\n<ul class=\"wp-block-list\">\n<li>Azores \u2013 Posibilidad de programas con menor riesgo de saturaci\u00f3n, combinando senderos, experiencias gastron\u00f3micas y una salida en barco en grupos peque\u00f1os. <\/li>\n<\/ul>\n\n<p class=\"wp-block-paragraph\"><\/p>\n\n<div style=\"height:58px\" aria-hidden=\"true\" class=\"wp-block-spacer\"><\/div>\n\n<h2 class=\"wp-block-heading\" id=\"h-dezembro-luzes-de-natal\">Diciembre: Luces de Navidad<\/h2>\n\n<p class=\"wp-block-paragraph\"><\/p>\n\n<p class=\"wp-block-paragraph\">En 2026, el d\u00eda de Navidad (25 de diciembre) cae en viernes, lo que transforma autom\u00e1ticamente el periodo en fin de semana largo. Es tambi\u00e9n una de las \u00e9pocas m\u00e1s exigentes del a\u00f1o en t\u00e9rminos de log\u00edstica:  <\/p>\n\n<ul class=\"wp-block-list\">\n<li>Tr\u00e1fico intenso en zonas comerciales. <\/li>\n<\/ul>\n\n<ul class=\"wp-block-list\">\n<li>Centros comerciales y calles c\u00e9ntricas llenos. <\/li>\n<\/ul>\n\n<ul class=\"wp-block-list\">\n<li>Cenas de grupo, eventos empresariales y encuentros familiares concentrados en los mismos d\u00edas. <\/li>\n<\/ul>\n\n<p class=\"wp-block-paragraph\">Este puente es estrat\u00e9gico para quienes prefieren un enfoque m\u00e1s ponderado de la Navidad, con: <\/p>\n\n<ul class=\"wp-block-list\">\n<li>Planificaci\u00f3n anticipada de encuentros (familiares o corporativos). <\/li>\n<\/ul>\n\n<ul class=\"wp-block-list\">\n<li>Reparto inteligente del tiempo entre obligaciones y momentos de pausa. <\/li>\n<\/ul>\n\n<ul class=\"wp-block-list\">\n<li>Utilizaci\u00f3n de experiencias \u00abcerradas\u00bb para reducir la exposici\u00f3n constante a ambientes saturados.<\/li>\n<\/ul>\n\n<p class=\"wp-block-paragraph\"><\/p>\n\n<div style=\"height:58px\" aria-hidden=\"true\" class=\"wp-block-spacer\"><\/div>\n\n<h3 class=\"wp-block-heading\" id=\"h-onde-ir-em-dezembro-nbsp\">D\u00f3nde ir en diciembre <\/h3>\n\n<p class=\"wp-block-paragraph\"><\/p>\n\n<p class=\"wp-block-paragraph\">Algunas formas de aprovechar el fin de semana largo de Navidad: <\/p>\n\n<ul class=\"wp-block-list\">\n<li>Oporto \/ Duero \u2013 Combinar una o dos cenas en tierra con un crucero corto al anochecer, observando la Ribeira y Gaia iluminadas desde el r\u00edo. <\/li>\n<\/ul>\n\n<ul class=\"wp-block-list\">\n<li>Lisboa (Tajo) \u2013 Pasar parte del puente en la ciudad, explorando las zonas iluminadas, y reservar un paseo por el Tajo para observar las luces desde el r\u00edo, sin circular continuamente entre calles y miradores llenos. <\/li>\n<\/ul>\n\n<ul class=\"wp-block-list\">\n<li>Algarve \u2013 Optar por puertos deportivos con ambiente m\u00e1s tranquilo en diciembre, utilizando un paseo en barco como momento de pausa en una \u00e9poca generalmente dominada por centros comerciales y carreteras llenas. <\/li>\n<\/ul>\n\n<ul class=\"wp-block-list\">\n<li>Madeira \u2013 Para quienes ya planean estar en la isla en esta \u00e9poca, integrar un paseo en barco para ver Funchal iluminado desde el mar, como alternativa a permanecer solo en la ciudad. <\/li>\n<\/ul>\n\n<ul class=\"wp-block-list\">\n<li>Azores \u2013 Apostar por una estancia de Navidad m\u00e1s tranquila, con foco en alojamiento confortable, gastronom\u00eda local y, siempre que el tiempo lo permita, una salida en barco costera en grupos peque\u00f1os. <\/li>\n<\/ul>\n\n<div style=\"height:58px\" aria-hidden=\"true\" class=\"wp-block-spacer\"><\/div>\n\n<h2 class=\"wp-block-heading\" id=\"h-feriados-que-se-perdem-em-2026-nbsp\">Festivos que \u00abse pierden\u00bb en 2026 <\/h2>\n\n<p class=\"wp-block-paragraph\"><\/p>\n\n<p class=\"wp-block-paragraph\">No todos los festivos generan puentes o fines de semana largos. En 2026, algunos coinciden con s\u00e1bado o domingo, sin crear d\u00edas laborables adicionales de descanso:  <\/p>\n\n<ul class=\"wp-block-list\">\n<li>25 de abril \u2013 S\u00e1bado. <\/li>\n<\/ul>\n\n<ul class=\"wp-block-list\">\n<li>Asunci\u00f3n de Nuestra Se\u00f1ora (15 de agosto) \u2013 S\u00e1bado. <\/li>\n<\/ul>\n\n<ul class=\"wp-block-list\">\n<li>D\u00eda de Todos los Santos (1 de noviembre) \u2013 Domingo. <\/li>\n<\/ul>\n\n<p class=\"wp-block-paragraph\">Desde el punto de vista de planificaci\u00f3n, estos festivos \u00abse pierden\u00bb en t\u00e9rminos de alivio directo en la semana de trabajo, lo que hace a\u00fan m\u00e1s relevante aprovechar los restantes (abril\/mayo, junio, octubre y Navidad) para estructurar pausas reales a lo largo del a\u00f1o. <\/p>\n\n<p class=\"wp-block-paragraph\">Consulte esta gu\u00eda detallada sobre <a href=\"https:\/\/www.maladeaventuras.com\/melhores-bairros-para-se-hospedar-em-lisboa\/\" target=\"_blank\" rel=\"noreferrer noopener\">d\u00f3nde alojarse en Lisboa<\/a> para encontrar las mejores opciones en cada barrio.<\/p>\n\n<p class=\"wp-block-paragraph\"><\/p>\n","protected":false},"excerpt":{"rendered":"<p>En 2026, el calendario portugu\u00e9s ofrece varios momentos estrat\u00e9gicos para convertir los d\u00edas festivos en fines de semana largos bien planificados: el 3 de abril, el 1 de mayo, el 5 de octubre, Navidad y un \u00absuper\u00bb periodo en junio. <\/p>\n","protected":false},"author":7,"featured_media":71489,"comment_status":"closed","ping_status":"closed","sticky":false,"template":"","format":"standard","meta":{"_acf_changed":false,"footnotes":""},"categories":[344],"tags":[1024,1041,1045,1396],"class_list":["post-63504","post","type-post","status-publish","format-standard","has-post-thumbnail","hentry","category-noticias","tag-lisboa-es","tag-privado-es","tag-rio-es","tag-tejo-es"],"acf":[],"_links":{"self":[{"href":"https:\/\/lisbonsightsailing.com\/es\/wp-json\/wp\/v2\/posts\/63504","targetHints":{"allow":["GET"]}}],"collection":[{"href":"https:\/\/lisbonsightsailing.com\/es\/wp-json\/wp\/v2\/posts"}],"about":[{"href":"https:\/\/lisbonsightsailing.com\/es\/wp-json\/wp\/v2\/types\/post"}],"author":[{"embeddable":true,"href":"https:\/\/lisbonsightsailing.com\/es\/wp-json\/wp\/v2\/users\/7"}],"replies":[{"embeddable":true,"href":"https:\/\/lisbonsightsailing.com\/es\/wp-json\/wp\/v2\/comments?post=63504"}],"version-history":[{"count":3,"href":"https:\/\/lisbonsightsailing.com\/es\/wp-json\/wp\/v2\/posts\/63504\/revisions"}],"predecessor-version":[{"id":78599,"href":"https:\/\/lisbonsightsailing.com\/es\/wp-json\/wp\/v2\/posts\/63504\/revisions\/78599"}],"wp:featuredmedia":[{"embeddable":true,"href":"https:\/\/lisbonsightsailing.com\/es\/wp-json\/wp\/v2\/media\/71489"}],"wp:attachment":[{"href":"https:\/\/lisbonsightsailing.com\/es\/wp-json\/wp\/v2\/media?parent=63504"}],"wp:term":[{"taxonomy":"category","embeddable":true,"href":"https:\/\/lisbonsightsailing.com\/es\/wp-json\/wp\/v2\/categories?post=63504"},{"taxonomy":"post_tag","embeddable":true,"href":"https:\/\/lisbonsightsailing.com\/es\/wp-json\/wp\/v2\/tags?post=63504"}],"curies":[{"name":"wp","href":"https:\/\/api.w.org\/{rel}","templated":true}]}}