{"id":64999,"date":"2025-10-07T10:00:00","date_gmt":"2025-10-07T10:00:00","guid":{"rendered":"https:\/\/2026.lisbonsightsailing.com\/web-summit-2024-et-une-experience-inoubliable-en-bateau\/"},"modified":"2026-08-15T10:57:40","modified_gmt":"2026-08-15T10:57:40","slug":"web-summit-2025-et-une-experience-inoubliable-en-bateau","status":"publish","type":"post","link":"https:\/\/lisbonsightsailing.com\/fr\/web-summit-2025-et-une-experience-inoubliable-en-bateau\/","title":{"rendered":"Web Summit 2025 et une exp\u00e9rience inoubliable en bateau"},"content":{"rendered":"\n<p class=\"wp-block-paragraph\"><\/p>\n\n<p class=\"wp-block-paragraph\">La Web Summit 2025 approche, apportant avec elle non seulement une rencontre d\u2019esprits brillants, mais aussi une occasion unique pour les participants de vivre l\u2019innovation d\u2019une mani\u00e8re vraiment m\u00e9morable. La balade sur le Tage te permet de d\u00e9couvrir la ville et de cr\u00e9er des souvenirs inoubliables pour toi et ton \u00e9quipe. <\/p>\n\n<div style=\"height:43px\" aria-hidden=\"true\" class=\"wp-block-spacer\"><\/div>\n\n<h2 id=\"h-como-comecou-a-web-summit\" class=\"wp-block-heading\">Comment la Web Summit a-t-elle commenc\u00e9 ?<\/h2>\n\n<p class=\"wp-block-paragraph\"><\/p>\n\n<p class=\"wp-block-paragraph\">La plus grande conf\u00e9rence tech au monde a commenc\u00e9 en 2009 et sa pertinence ne cesse de cro\u00eetre \u00e0 l\u2019\u00e9chelle mondiale. Pendant les cinq premi\u00e8res ann\u00e9es, elle s\u2019est tenue dans la capitale irlandaise. Toutefois, en raison de son ampleur grandissante, la premi\u00e8re \u00e9dition \u00e0 Lisbonne a \u00e9t\u00e9 annonc\u00e9e en 2015. Depuis, l\u2019\u00e9v\u00e9nement a lieu chaque ann\u00e9e au Portugal, le gouvernement ayant d\u00e9cid\u00e9 de prolonger ce contrat jusqu\u2019en 2028.   <\/p>\n\n<p class=\"wp-block-paragraph\">La <a href=\"https:\/\/websummit.com\/\">Web Summit<\/a> attire avant tout des repr\u00e9sentants des plus grandes entreprises technologiques, ainsi que des experts du secteur, des dirigeants politiques europ\u00e9ens, entre autres personnalit\u00e9s de renom.<\/p>\n\n<p class=\"wp-block-paragraph\"><\/p>\n\n<div style=\"height:43px\" aria-hidden=\"true\" class=\"wp-block-spacer\"><\/div>\n\n<div class=\"wp-block-uagb-advanced-heading uagb-block-c3620b4d\"><h2 class=\"uagb-heading-text\">Web Summit 2025<\/h2><\/div>\n\n<p class=\"wp-block-paragraph\"><\/p>\n<div class=\"wp-block-image\">\n<figure class=\"alignright size-full is-resized\"><img loading=\"lazy\" decoding=\"async\" width=\"800\" height=\"444\" src=\"https:\/\/lisbonsightsailing.com\/wp-content\/uploads\/2023\/09\/lisbon-sight-sailing-websummit-01.jpg\" alt=\"Logo de la Web Summit sur la Pra&#xE7;a do Com&#xE9;rcio, &#xE0; Lisbonne\" class=\"wp-image-52071\" style=\"width:428px;height:237px\" srcset=\"https:\/\/lisbonsightsailing.com\/wp-content\/uploads\/2023\/09\/lisbon-sight-sailing-websummit-01.jpg 800w, https:\/\/lisbonsightsailing.com\/wp-content\/uploads\/2023\/09\/lisbon-sight-sailing-websummit-01-300x167.jpg 300w, https:\/\/lisbonsightsailing.com\/wp-content\/uploads\/2023\/09\/lisbon-sight-sailing-websummit-01-768x426.jpg 768w\" sizes=\"auto, (max-width: 800px) 100vw, 800px\" \/><\/figure>\n<\/div>\n<p class=\"wp-block-paragraph\">L\u2019\u00e9dition de cette ann\u00e9e confirme la pr\u00e9sence de plus de 70\u202f0000 participants venant de plus de 150 pays. Ainsi, les principales motivations pour se r\u00e9unir lors de cet \u00e9v\u00e9nement sont : \u00ab \u00e9couter des intervenants incroyables, profiter d\u2019opportunit\u00e9s de networking incomparables et utiliser un logiciel propri\u00e9taire qui maximise l\u2019exp\u00e9rience. \u00bb <\/p>\n\n<p class=\"wp-block-paragraph\">La Web Summit de cette ann\u00e9e compte des noms comme Toto Wolf \u2013 Team Principal &amp; CEO Mercedes AMG Petronas F1 Team, Royaume-Uni ; Hena Virkkunen \u2013 vice-pr\u00e9sidente ex\u00e9cutive pour la souverainet\u00e9 technologique, la s\u00e9curit\u00e9 et la d\u00e9mocratie de la Commission europ\u00e9enne, Belgique ; Niall Mac an tSionnaigh \u2013 CEO Sumup, Irlande ; James Waters \u2013 Chief Business Officer Booking.com, Pays-Bas, entre autres.<\/p>\n\n<div style=\"height:43px\" aria-hidden=\"true\" class=\"wp-block-spacer\"><\/div>\n\n<h2 id=\"h-razoes-para-fazer-um-passeio-de-barco-privado\" class=\"wp-block-heading\">Raisons de faire une sortie en bateau priv\u00e9 ?<\/h2>\n\n<p class=\"wp-block-paragraph\"><\/p>\n\n<p class=\"wp-block-paragraph\">Une sortie en bateau priv\u00e9 avec Lisbon Sight Sailing offre une multitude d\u2019avantages qui am\u00e9lioreront ton exp\u00e9rience \u00e0 la Web Summit. Imagine t\u2019\u00e9chapper de la foule et plonger dans la tranquillit\u00e9 du Tage, tout en t\u2019\u00e9merveillant devant la beaut\u00e9 des sites embl\u00e9matiques de Lisbonne. Que tu recherches un moment de d\u00e9tente, des opportunit\u00e9s de networking ou des <a href=\"https:\/\/lisbonsightsailing.com\/fr\/lorganisation-de-regates-un-coup-de-boost-pour-le-team-building\/\">activit\u00e9s de team-building<\/a>, une sortie en <a href=\"https:\/\/lisbonsightsailing.com\/fr\/evenements-dentreprise-sur-mesure\/\">bateau priv\u00e9<\/a> est le choix parfait pour ton <a href=\"https:\/\/lisbonsightsailing.com\/fr\/experiencia\/evenements-dentreprise\/\">entreprise<\/a>.  <\/p>\n\n<p class=\"wp-block-paragraph\"><\/p>\n\n<div style=\"height:43px\" aria-hidden=\"true\" class=\"wp-block-spacer\"><\/div>\n\n<h2 id=\"h-descubra-as-paisagens-de-lisboa-a-partir-do-rio-tejo\" class=\"wp-block-heading\">D\u00e9couvre les paysages de Lisbonne depuis le Tage<\/h2>\n\n<p class=\"wp-block-paragraph\"><\/p>\n\n<p class=\"wp-block-paragraph\">Savais-tu que de nombreux points d\u2019int\u00e9r\u00eat de Lisbonne ont \u00e9t\u00e9 con\u00e7us pour \u00eatre vus depuis le Tage ? En naviguant le long du fleuve, tu auras l\u2019occasion d\u2019admirer les paysages \u00e9poustouflants de la ville depuis une perspective unique. La lumi\u00e8re du Tage se refl\u00e8te sur la ville, cr\u00e9ant un effet miroir hypnotisant qui met en valeur la beaut\u00e9 de Lisbonne.  <\/p>\n\n<p class=\"wp-block-paragraph\"><\/p>\n<div class=\"wp-block-image\">\n<figure class=\"aligncenter size-large\"><img loading=\"lazy\" decoding=\"async\" width=\"1024\" height=\"682\" src=\"https:\/\/lisbonsightsailing.com\/wp-content\/uploads\/2023\/09\/lisbon-sight-sailing-websummit-04-1024x682.jpg\" alt=\"&#xC9;v&#xE9;nement corporate &#xE0; bord &#x2013; quatre personnes\" class=\"wp-image-52070\" srcset=\"https:\/\/lisbonsightsailing.com\/wp-content\/uploads\/2023\/09\/lisbon-sight-sailing-websummit-04-1024x682.jpg 1024w, https:\/\/lisbonsightsailing.com\/wp-content\/uploads\/2023\/09\/lisbon-sight-sailing-websummit-04-300x200.jpg 300w, https:\/\/lisbonsightsailing.com\/wp-content\/uploads\/2023\/09\/lisbon-sight-sailing-websummit-04-768x512.jpg 768w, https:\/\/lisbonsightsailing.com\/wp-content\/uploads\/2023\/09\/lisbon-sight-sailing-websummit-04-1536x1024.jpg 1536w, https:\/\/lisbonsightsailing.com\/wp-content\/uploads\/2023\/09\/lisbon-sight-sailing-websummit-04.jpg 2000w\" sizes=\"auto, (max-width: 1024px) 100vw, 1024px\" \/><figcaption class=\"wp-element-caption\">\u00c9v\u00e9nement corporate \u00e0 bord<\/figcaption><\/figure>\n<\/div>\n<div style=\"height:43px\" aria-hidden=\"true\" class=\"wp-block-spacer\"><\/div>\n\n<h2 id=\"h-pontos-de-interesse-inesqueciveis\" class=\"wp-block-heading\">Points d\u2019int\u00e9r\u00eat inoubliables<\/h2>\n\n<p class=\"wp-block-paragraph\"><\/p>\n\n<p class=\"wp-block-paragraph\">Lors de ta sortie en bateau priv\u00e9, tu auras l\u2019occasion de d\u00e9couvrir une multitude de points d\u2019int\u00e9r\u00eat le long du Tage. Ces lieux ont une importance historique, culturelle et architecturale, rendant ton exp\u00e9rience v\u00e9ritablement immersive.  Entre-temps, nous nommons ci-apr\u00e8s quelques-uns des points d&#8217;int\u00e9r\u00eat aper\u00e7us durant cette exp\u00e9rience : <a href=\"https:\/\/lisbonsightsailing.com\/fr\/vistas\/padrao-dos-descobrimentos\/\">Padr\u00e3o dos Descobrimentos<\/a>, <a href=\"https:\/\/lisbonsightsailing.com\/fr\/vistas\/monastere-des-hieronymites\/\">Mosteiro dos Jer\u00f3nimos<\/a>, Mus\u00e9e d&#8217;Art, d&#8217;Architecture et de Technologie (<a href=\"https:\/\/lisbonsightsailing.com\/fr\/vistas\/maat-musee-dart-darchitecture-et-de-technologie\/\">MAAT<\/a>), <a href=\"https:\/\/lisbonsightsailing.com\/fr\/vistas\/palais-dajuda\/\">Pal\u00e1cio da Ajuda<\/a>, <a href=\"https:\/\/lisbonsightsailing.com\/fr\/vistas\/pont-du-25-avril\/\">Pont sur le Tage<\/a>, Mus\u00e9e National d&#8217;Art Ancien, Basilique de l&#8217;\u00c9toile, <a href=\"https:\/\/lisbonsightsailing.com\/fr\/vistas\/cais-do-sodre\/\">Cais do Sodr\u00e9<\/a>, Mus\u00e9e d&#8217;Art Populaire,       <a href=\"https:\/\/lisbonsightsailing.com\/fr\/vistas\/praca-do-comercio\/\">Pra\u00e7a do Com\u00e9rcio<\/a>, <a href=\"https:\/\/lisbonsightsailing.com\/fr\/vistas\/alfama\/\">Alfama<\/a>, <a href=\"https:\/\/lisbonsightsailing.com\/fr\/vistas\/cathedrale-de-lisbonne\/\">S\u00e9 de Lisboa<\/a>, <a href=\"https:\/\/lisbonsightsailing.com\/fr\/on-celebre-aujourdhui-les-872-ans-de-la-conquete-du-chateau-de-saint-georges\/\">Castelo de S. Jorge<\/a>, <a href=\"https:\/\/lisbonsightsailing.com\/fr\/vistas\/monastere-de-sao-vicente-de-fora\/\">Mosteiro de S. Vicente de Fora<\/a>, <a href=\"https:\/\/lisbonsightsailing.com\/fr\/vistas\/pantheon-national\/\">Pante\u00e3o Nacional<\/a>, <a href=\"https:\/\/cristorei.pt\/\">Cristo Rei<\/a>, <a href=\"https:\/\/lisbonsightsailing.com\/fr\/vistas\/central-tejo\/\">Mus\u00e9e de l&#8217;\u00c9lectricit\u00e9<\/a>, <a href=\"https:\/\/lisbonsightsailing.com\/fr\/vistas\/tour-vts\/\">Tour VTS<\/a>, <a href=\"https:\/\/www.fchampalimaud.org\/pt-pt\">Fondation Champalimaud<\/a> et           <a href=\"https:\/\/lisbonsightsailing.com\/fr\/vistas\/tour-de-belem\/\">Tour de Bel\u00e9m.<\/a><\/p>\n\n<p class=\"wp-block-paragraph\"><\/p>\n\n<div style=\"height:43px\" aria-hidden=\"true\" class=\"wp-block-spacer\"><\/div>\n\n<div class=\"wp-block-uagb-advanced-heading uagb-block-b09b6d2c\"><h2 class=\"uagb-heading-text\">Quelles options de bateau seront disponibles pour ton \u00e9v\u00e9nement ?<\/h2><\/div>\n\n<p class=\"wp-block-paragraph\"><\/p>\n\n<p class=\"wp-block-paragraph\">Lisbon Sight Sailing dispose d\u2019une flotte impressionnante de bateaux pour r\u00e9pondre \u00e0 tes pr\u00e9f\u00e9rences et \u00e0 la taille de ton groupe. Que tu pr\u00e9f\u00e8res l\u2019\u00e9l\u00e9gance d\u2019un voilier, le confort d\u2019un catamaran ou la vitesse d\u2019un bateau \u00e0 moteur, nous avons forc\u00e9ment l\u2019embarcation parfaite pour toi. La capacit\u00e9 de nos bateaux varie entre <a href=\"https:\/\/lisbonsightsailing.com\/fr\/bateaux\/bavaria-41\/\">6<\/a> et <a href=\"https:\/\/lisbonsightsailing.com\/fr\/bateaux\/navire-historique-2\/\">340<\/a> invit\u00e9s, ce qui nous permet d\u2019accueillir aussi bien des <a href=\"https:\/\/lisbonsightsailing.com\/fr\/reunions-a-bord\/reunioes-a-bordo-2\/\">r\u00e9unions<\/a> intimistes que des f\u00eates pour des groupes plus importants.  <\/p>\n\n<p class=\"wp-block-paragraph\"><\/p>\n\n<figure class=\"wp-block-gallery has-nested-images columns-2 is-cropped wp-block-gallery-1 is-layout-flex wp-block-gallery-is-layout-flex\">\n<figure class=\"wp-block-image size-large\"><img loading=\"lazy\" decoding=\"async\" width=\"1024\" height=\"768\" data-id=\"61127\" src=\"https:\/\/lisbonsightsailing.com\/wp-content\/uploads\/2025\/07\/lisbon-sight-sailing-mesa-de-refeicoes-1024x768.jpeg\" alt=\"Espace convivial entre amis et famille en haute mer\" class=\"wp-image-61127\" srcset=\"https:\/\/lisbonsightsailing.com\/wp-content\/uploads\/2025\/07\/lisbon-sight-sailing-mesa-de-refeicoes-1024x768.jpeg 1024w, https:\/\/lisbonsightsailing.com\/wp-content\/uploads\/2025\/07\/lisbon-sight-sailing-mesa-de-refeicoes-300x225.jpeg 300w, https:\/\/lisbonsightsailing.com\/wp-content\/uploads\/2025\/07\/lisbon-sight-sailing-mesa-de-refeicoes-768x576.jpeg 768w, https:\/\/lisbonsightsailing.com\/wp-content\/uploads\/2025\/07\/lisbon-sight-sailing-mesa-de-refeicoes-1536x1152.jpeg 1536w, https:\/\/lisbonsightsailing.com\/wp-content\/uploads\/2025\/07\/lisbon-sight-sailing-mesa-de-refeicoes.jpeg 1600w\" sizes=\"auto, (max-width: 1024px) 100vw, 1024px\" \/><figcaption class=\"wp-element-caption\">Espace convivial entre amis et famille<\/figcaption><\/figure>\n\n\n\n<figure class=\"wp-block-image size-large\"><img loading=\"lazy\" decoding=\"async\" width=\"1024\" height=\"768\" data-id=\"61666\" src=\"https:\/\/lisbonsightsailing.com\/wp-content\/uploads\/2025\/01\/lisbon-sight-sailing-transfers-de-Barco-em-Lisboa-e-Cascais-25-1024x768.jpg\" alt=\"Id&#xE9;al pour des &#xE9;v&#xE9;nements exclusifs ou des c&#xE9;l&#xE9;brations avec un confort et une intimit&#xE9; totaux\" class=\"wp-image-61666\" srcset=\"https:\/\/lisbonsightsailing.com\/wp-content\/uploads\/2025\/01\/lisbon-sight-sailing-transfers-de-Barco-em-Lisboa-e-Cascais-25-1024x768.jpg 1024w, https:\/\/lisbonsightsailing.com\/wp-content\/uploads\/2025\/01\/lisbon-sight-sailing-transfers-de-Barco-em-Lisboa-e-Cascais-25-300x225.jpg 300w, https:\/\/lisbonsightsailing.com\/wp-content\/uploads\/2025\/01\/lisbon-sight-sailing-transfers-de-Barco-em-Lisboa-e-Cascais-25-768x576.jpg 768w, https:\/\/lisbonsightsailing.com\/wp-content\/uploads\/2025\/01\/lisbon-sight-sailing-transfers-de-Barco-em-Lisboa-e-Cascais-25-1536x1152.jpg 1536w, https:\/\/lisbonsightsailing.com\/wp-content\/uploads\/2025\/01\/lisbon-sight-sailing-transfers-de-Barco-em-Lisboa-e-Cascais-25-2048x1536.jpg 2048w\" sizes=\"auto, (max-width: 1024px) 100vw, 1024px\" \/><figcaption class=\"wp-element-caption\">Groupe de coll\u00e8gues profitant de moments de convivialit\u00e9 \u00e0 la proue du Falcon 82<\/figcaption><\/figure>\n\n\n\n<figure class=\"wp-block-image size-large\"><img loading=\"lazy\" decoding=\"async\" width=\"1024\" height=\"683\" data-id=\"61089\" src=\"https:\/\/lisbonsightsailing.com\/wp-content\/uploads\/2025\/07\/lisbon-sight-sailing-concierges-no-Rio-Tejo-com-a-Lisbon-Sight-Sailing-02-1024x683.jpg\" alt=\"Des concierges de prestigieux h&#xF4;tels de Lisbonne partageant leurs exp&#xE9;riences tout en naviguant sur le Tage, avec le d&#xE9;cor iconique de la ville en arri&#xE8;re-plan\" class=\"wp-image-61089\" srcset=\"https:\/\/lisbonsightsailing.com\/wp-content\/uploads\/2025\/07\/lisbon-sight-sailing-concierges-no-Rio-Tejo-com-a-Lisbon-Sight-Sailing-02-1024x683.jpg 1024w, https:\/\/lisbonsightsailing.com\/wp-content\/uploads\/2025\/07\/lisbon-sight-sailing-concierges-no-Rio-Tejo-com-a-Lisbon-Sight-Sailing-02-300x200.jpg 300w, https:\/\/lisbonsightsailing.com\/wp-content\/uploads\/2025\/07\/lisbon-sight-sailing-concierges-no-Rio-Tejo-com-a-Lisbon-Sight-Sailing-02-768x512.jpg 768w, https:\/\/lisbonsightsailing.com\/wp-content\/uploads\/2025\/07\/lisbon-sight-sailing-concierges-no-Rio-Tejo-com-a-Lisbon-Sight-Sailing-02-1536x1024.jpg 1536w, https:\/\/lisbonsightsailing.com\/wp-content\/uploads\/2025\/07\/lisbon-sight-sailing-concierges-no-Rio-Tejo-com-a-Lisbon-Sight-Sailing-02-2048x1365.jpg 2048w\" sizes=\"auto, (max-width: 1024px) 100vw, 1024px\" \/><figcaption class=\"wp-element-caption\">Concierges d\u2019h\u00f4tels prestigieux de Lisbonne partageant leurs exp\u00e9riences<\/figcaption><\/figure>\n\n\n\n<figure class=\"wp-block-image size-large\"><img loading=\"lazy\" decoding=\"async\" width=\"1024\" height=\"679\" data-id=\"53495\" src=\"https:\/\/lisbonsightsailing.com\/wp-content\/uploads\/2022\/06\/lisbon-sight-sailing-sardinha-12-1024x679.png\" alt=\"Des amies qui c&#xE9;l&#xE8;brent pendant une sortie en bateau sur le Tage\" class=\"wp-image-53495\" srcset=\"https:\/\/lisbonsightsailing.com\/wp-content\/uploads\/2022\/06\/lisbon-sight-sailing-sardinha-12-1024x679.png 1024w, https:\/\/lisbonsightsailing.com\/wp-content\/uploads\/2022\/06\/lisbon-sight-sailing-sardinha-12-300x199.png 300w, https:\/\/lisbonsightsailing.com\/wp-content\/uploads\/2022\/06\/lisbon-sight-sailing-sardinha-12-768x510.png 768w, https:\/\/lisbonsightsailing.com\/wp-content\/uploads\/2022\/06\/lisbon-sight-sailing-sardinha-12-1536x1019.png 1536w, https:\/\/lisbonsightsailing.com\/wp-content\/uploads\/2022\/06\/lisbon-sight-sailing-sardinha-12.png 1682w\" sizes=\"auto, (max-width: 1024px) 100vw, 1024px\" \/><figcaption class=\"wp-element-caption\">L\u2019heure de c\u00e9l\u00e9brer !<\/figcaption><\/figure>\n<\/figure>\n\n<div style=\"height:43px\" aria-hidden=\"true\" class=\"wp-block-spacer\"><\/div>\n\n<div class=\"wp-block-uagb-advanced-heading uagb-block-d8d9d953\"><h2 class=\"uagb-heading-text\">\nQue faire \u00e0 Lisbonne pendant la Web Summit 2025 ?\n<\/h2><\/div>\n\n<p class=\"wp-block-paragraph\"><\/p>\n\n<p class=\"wp-block-paragraph\">Pendant que tu pr\u00e9pares ta visite \u00e0 la Web Summit, nous t\u2019encourageons \u00e0 saisir l\u2019occasion d\u2019explorer la beaut\u00e9 et le charme de Lisbonne \u00e0 travers une sortie en bateau priv\u00e9. Que ce soit pour te d\u00e9tendre, faire du networking ou simplement profiter de la splendeur du Tage, notre \u00e9quipage exp\u00e9riment\u00e9 et notre flotte diversifi\u00e9e de bateaux sont pr\u00eats \u00e0 t\u2019offrir une exp\u00e9rience inoubliable. <\/p>\n","protected":false},"excerpt":{"rendered":"<p>Si tu participes \u00e0 la Web Summit 2025, pourquoi ne pas faire une pause dans l\u2019effervescence de l\u2019\u00e9v\u00e9nement et embarquer avec nous pour une sortie en bateau priv\u00e9 le long du Tage ?<\/p>\n","protected":false},"author":7,"featured_media":76638,"comment_status":"open","ping_status":"open","sticky":false,"template":"","format":"standard","meta":{"_acf_changed":false,"footnotes":""},"categories":[1532],"tags":[1531,1518,1520,1524,1521,1525,1540],"class_list":["post-64999","post","type-post","status-publish","format-standard","has-post-thumbnail","hentry","category-actualites","tag-bateau","tag-entreprise","tag-exclusif","tag-fleuve","tag-lisbonne","tag-tage","tag-team-building"],"acf":[],"_links":{"self":[{"href":"https:\/\/lisbonsightsailing.com\/fr\/wp-json\/wp\/v2\/posts\/64999","targetHints":{"allow":["GET"]}}],"collection":[{"href":"https:\/\/lisbonsightsailing.com\/fr\/wp-json\/wp\/v2\/posts"}],"about":[{"href":"https:\/\/lisbonsightsailing.com\/fr\/wp-json\/wp\/v2\/types\/post"}],"author":[{"embeddable":true,"href":"https:\/\/lisbonsightsailing.com\/fr\/wp-json\/wp\/v2\/users\/7"}],"replies":[{"embeddable":true,"href":"https:\/\/lisbonsightsailing.com\/fr\/wp-json\/wp\/v2\/comments?post=64999"}],"version-history":[{"count":3,"href":"https:\/\/lisbonsightsailing.com\/fr\/wp-json\/wp\/v2\/posts\/64999\/revisions"}],"predecessor-version":[{"id":75887,"href":"https:\/\/lisbonsightsailing.com\/fr\/wp-json\/wp\/v2\/posts\/64999\/revisions\/75887"}],"wp:featuredmedia":[{"embeddable":true,"href":"https:\/\/lisbonsightsailing.com\/fr\/wp-json\/wp\/v2\/media\/76638"}],"wp:attachment":[{"href":"https:\/\/lisbonsightsailing.com\/fr\/wp-json\/wp\/v2\/media?parent=64999"}],"wp:term":[{"taxonomy":"category","embeddable":true,"href":"https:\/\/lisbonsightsailing.com\/fr\/wp-json\/wp\/v2\/categories?post=64999"},{"taxonomy":"post_tag","embeddable":true,"href":"https:\/\/lisbonsightsailing.com\/fr\/wp-json\/wp\/v2\/tags?post=64999"}],"curies":[{"name":"wp","href":"https:\/\/api.w.org\/{rel}","templated":true}]}}